{"id":33223,"date":"2022-10-30T16:59:55","date_gmt":"2022-10-30T22:59:55","guid":{"rendered":"https:\/\/encuentroinformativo.com.mx\/?p=33223"},"modified":"2022-10-30T16:59:59","modified_gmt":"2022-10-30T22:59:59","slug":"hombre-murio-apunalado-en-la-zapata","status":"publish","type":"post","link":"https:\/\/encuentroinformativo.com.mx\/?p=33223","title":{"rendered":"Hombre muri\u00f3 apu\u00f1alado en la Zapata"},"content":{"rendered":"\n<p><strong>Juan Arcos<\/strong><\/p>\n\n\n\n<p>Xalapa, Ver.- Un hombre fue asesinado a apu\u00f1aladas cuando estaba afuera de una tienda de autoservicio, ubicada en la colonia Emiliano Zapata, en esta ciudad de Xalapa.<\/p>\n\n\n\n<p>Lo hechos ocurrieron despu\u00e9s de las cinco de la madrugada de este domingo 30 de octubre, justo en la entrada al establecimiento, donde el agresor se dio a la fuga y hasta el momento no ha sido detenido.<\/p>\n\n\n\n<p>La gente que se encontraba en la zona llam\u00f3 al n\u00famero de emergencias 911 para solicitar la presencia de polic\u00edas y param\u00e9dicos.<\/p>\n\n\n\n<p>Al sitio arribaron socorristas pero la persona ya hab\u00eda fallecido por la gravedad de las lesiones.<\/p>\n\n\n\n<p>Tambi\u00e9n acudieron elementos de la Polic\u00eda Municipal y de la Secretar\u00eda de Seguridad P\u00fablica (SSP) para desplegar un operativo y buscar al homicida.<\/p>\n\n\n\n<p>La zona fue acordonada por los elementos de seguridad, en espera del personal de la Fiscal\u00eda General del Estado (FGE), para que iniciaran las investigaciones correspondientes.<\/p>\n\n\n\n<p>Posteriormente, instruyeron el levantamiento del cuerpo para trasladarlo al Servicio M\u00e9dico Forense (Semefo), donde se espera sea reconocido por sus familiares.<\/p>\n\n\n\n<p>Hasta este momento, se desconocen las causas de esta agresi\u00f3n con arma punzocortante, ocurrida cerca del circuito Presidentes.<\/p>\n","protected":false},"excerpt":{"rendered":"<p>Juan Arcos Xalapa, Ver.- Un hombre fue asesinado a apu\u00f1aladas cuando estaba afuera de una tienda de autoservicio, ubicada en la colonia Emiliano Zapata, en esta ciudad de Xalapa. Lo hechos ocurrieron despu\u00e9s de las cinco de la madrugada de este domingo 30 de octubre, justo en la entrada al establecimiento, donde el agresor se [&hellip;]<\/p>\n","protected":false},"author":1,"featured_media":33224,"comment_status":"open","ping_status":"open","sticky":false,"template":"","format":"standard","meta":{"_jetpack_memberships_contains_paid_content":false,"footnotes":""},"categories":[14],"tags":[],"class_list":["post-33223","post","type-post","status-publish","format-standard","has-post-thumbnail","hentry","category-policiaca"],"jetpack_featured_media_url":"https:\/\/encuentroinformativo.com.mx\/wp-content\/uploads\/2022\/10\/3FE2470E-C54B-488F-BA44-2823611F5ED9.jpeg","jetpack_sharing_enabled":true,"jetpack_likes_enabled":true,"amp_enabled":true,"_links":{"self":[{"href":"https:\/\/encuentroinformativo.com.mx\/index.php?rest_route=\/wp\/v2\/posts\/33223","targetHints":{"allow":["GET"]}}],"collection":[{"href":"https:\/\/encuentroinformativo.com.mx\/index.php?rest_route=\/wp\/v2\/posts"}],"about":[{"href":"https:\/\/encuentroinformativo.com.mx\/index.php?rest_route=\/wp\/v2\/types\/post"}],"author":[{"embeddable":true,"href":"https:\/\/encuentroinformativo.com.mx\/index.php?rest_route=\/wp\/v2\/users\/1"}],"replies":[{"embeddable":true,"href":"https:\/\/encuentroinformativo.com.mx\/index.php?rest_route=%2Fwp%2Fv2%2Fcomments&post=33223"}],"version-history":[{"count":1,"href":"https:\/\/encuentroinformativo.com.mx\/index.php?rest_route=\/wp\/v2\/posts\/33223\/revisions"}],"predecessor-version":[{"id":33225,"href":"https:\/\/encuentroinformativo.com.mx\/index.php?rest_route=\/wp\/v2\/posts\/33223\/revisions\/33225"}],"wp:featuredmedia":[{"embeddable":true,"href":"https:\/\/encuentroinformativo.com.mx\/index.php?rest_route=\/wp\/v2\/media\/33224"}],"wp:attachment":[{"href":"https:\/\/encuentroinformativo.com.mx\/index.php?rest_route=%2Fwp%2Fv2%2Fmedia&parent=33223"}],"wp:term":[{"taxonomy":"category","embeddable":true,"href":"https:\/\/encuentroinformativo.com.mx\/index.php?rest_route=%2Fwp%2Fv2%2Fcategories&post=33223"},{"taxonomy":"post_tag","embeddable":true,"href":"https:\/\/encuentroinformativo.com.mx\/index.php?rest_route=%2Fwp%2Fv2%2Ftags&post=33223"}],"curies":[{"name":"wp","href":"https:\/\/api.w.org\/{rel}","templated":true}]}}