{"id":33228,"date":"2022-10-31T11:10:37","date_gmt":"2022-10-31T17:10:37","guid":{"rendered":"https:\/\/encuentroinformativo.com.mx\/?p=33228"},"modified":"2022-10-31T11:10:40","modified_gmt":"2022-10-31T17:10:40","slug":"docentes-toman-la-sev-reclaman-pagos-de-aumento-salarial","status":"publish","type":"post","link":"https:\/\/encuentroinformativo.com.mx\/?p=33228","title":{"rendered":"Docentes toman la  SEV, reclaman pagos de aumento salarial"},"content":{"rendered":"\n<p><strong>Juan Arcos<\/strong><\/p>\n\n\n\n<p>Xalapa, Ver.- Docentes del sistema educativo estatal tomaron las oficinas centrales de la Secretar\u00eda de Educaci\u00f3n de Veracruz (SEV) para exigir el pago inmediato de incremento salarial, del uno, dos y tres por ciento.<\/p>\n\n\n\n<p>Los quejosos se manifestaron desde las cinco de la madrugada de este lunes 31 de octubre, impidiendo el acceso a la dependencia estatal, ubicada sobre la carretera federal Xalapa-Veracruz.<\/p>\n\n\n\n<p>De acuerdo con el profesor Armando Villa, hasta el momento no ha habido una respuesta positiva por parte de las autoridades estatales.<\/p>\n\n\n\n<p>Cabe recordar que el pasado viernes por la tarde tambi\u00e9n protestaron frente a Palacio de Gobierno; sin embargo, dijeron no haber sido atendidos por autoridades educativas.<\/p>\n\n\n\n<p>Las autoridades argumentaron en d\u00edas pasados que hay un faltante de 400 millones de pesos, que es lo necesario para cubrir el pago del incremento salarial.<\/p>\n\n\n\n<p>Sin embargo, los docentes reclamaron al gobierno estatal que d\u00e9 a conocer d\u00f3nde qued\u00f3 dicho recurso econ\u00f3mico, pues ya hab\u00eda sido autorizado por el gobierno federal.<\/p>\n\n\n\n<p>El pasado 15 de agosto fue publicado dicho incremento salarial en la Gaceta Oficial de la Federaci\u00f3n, pero el gobierno de Veracruz no lo ha otorgado.<\/p>\n\n\n\n<p>Por tal motivo, los quejosos amagaron con mantener tomadas las oficinas centrales de la SEV hasta que las autoridades se comprometan por escrito a pagarles.<\/p>\n\n\n\n<p>Tambi\u00e9n hubo protestas en las distintas oficinas regionales de la dependencia en la entidad veracruzana.<\/p>\n\n\n\n<figure class=\"wp-block-image size-large\"><img loading=\"lazy\" decoding=\"async\" width=\"1024\" height=\"768\" src=\"https:\/\/encuentroinformativo.com.mx\/wp-content\/uploads\/2022\/10\/A344DE1C-169C-4022-8460-317350766ED5-1024x768.jpeg\" alt=\"\" class=\"wp-image-33230\" srcset=\"https:\/\/encuentroinformativo.com.mx\/wp-content\/uploads\/2022\/10\/A344DE1C-169C-4022-8460-317350766ED5-1024x768.jpeg 1024w, https:\/\/encuentroinformativo.com.mx\/wp-content\/uploads\/2022\/10\/A344DE1C-169C-4022-8460-317350766ED5-300x225.jpeg 300w, https:\/\/encuentroinformativo.com.mx\/wp-content\/uploads\/2022\/10\/A344DE1C-169C-4022-8460-317350766ED5-768x576.jpeg 768w, https:\/\/encuentroinformativo.com.mx\/wp-content\/uploads\/2022\/10\/A344DE1C-169C-4022-8460-317350766ED5-1536x1152.jpeg 1536w, https:\/\/encuentroinformativo.com.mx\/wp-content\/uploads\/2022\/10\/A344DE1C-169C-4022-8460-317350766ED5.jpeg 2016w\" sizes=\"auto, (max-width: 1024px) 100vw, 1024px\" \/><\/figure>\n","protected":false},"excerpt":{"rendered":"<p>Juan Arcos Xalapa, Ver.- Docentes del sistema educativo estatal tomaron las oficinas centrales de la Secretar\u00eda de Educaci\u00f3n de Veracruz (SEV) para exigir el pago inmediato de incremento salarial, del uno, dos y tres por ciento. Los quejosos se manifestaron desde las cinco de la madrugada de este lunes 31 de octubre, impidiendo el acceso [&hellip;]<\/p>\n","protected":false},"author":1,"featured_media":33229,"comment_status":"open","ping_status":"open","sticky":false,"template":"","format":"standard","meta":{"_jetpack_memberships_contains_paid_content":false,"footnotes":""},"categories":[2],"tags":[],"class_list":["post-33228","post","type-post","status-publish","format-standard","has-post-thumbnail","hentry","category-estado"],"jetpack_featured_media_url":"https:\/\/encuentroinformativo.com.mx\/wp-content\/uploads\/2022\/10\/2A4F6FA8-6CE7-4683-A892-88C1242A19A2.jpeg","jetpack_sharing_enabled":true,"jetpack_likes_enabled":true,"amp_enabled":true,"_links":{"self":[{"href":"https:\/\/encuentroinformativo.com.mx\/index.php?rest_route=\/wp\/v2\/posts\/33228","targetHints":{"allow":["GET"]}}],"collection":[{"href":"https:\/\/encuentroinformativo.com.mx\/index.php?rest_route=\/wp\/v2\/posts"}],"about":[{"href":"https:\/\/encuentroinformativo.com.mx\/index.php?rest_route=\/wp\/v2\/types\/post"}],"author":[{"embeddable":true,"href":"https:\/\/encuentroinformativo.com.mx\/index.php?rest_route=\/wp\/v2\/users\/1"}],"replies":[{"embeddable":true,"href":"https:\/\/encuentroinformativo.com.mx\/index.php?rest_route=%2Fwp%2Fv2%2Fcomments&post=33228"}],"version-history":[{"count":1,"href":"https:\/\/encuentroinformativo.com.mx\/index.php?rest_route=\/wp\/v2\/posts\/33228\/revisions"}],"predecessor-version":[{"id":33231,"href":"https:\/\/encuentroinformativo.com.mx\/index.php?rest_route=\/wp\/v2\/posts\/33228\/revisions\/33231"}],"wp:featuredmedia":[{"embeddable":true,"href":"https:\/\/encuentroinformativo.com.mx\/index.php?rest_route=\/wp\/v2\/media\/33229"}],"wp:attachment":[{"href":"https:\/\/encuentroinformativo.com.mx\/index.php?rest_route=%2Fwp%2Fv2%2Fmedia&parent=33228"}],"wp:term":[{"taxonomy":"category","embeddable":true,"href":"https:\/\/encuentroinformativo.com.mx\/index.php?rest_route=%2Fwp%2Fv2%2Fcategories&post=33228"},{"taxonomy":"post_tag","embeddable":true,"href":"https:\/\/encuentroinformativo.com.mx\/index.php?rest_route=%2Fwp%2Fv2%2Ftags&post=33228"}],"curies":[{"name":"wp","href":"https:\/\/api.w.org\/{rel}","templated":true}]}}