{"id":33237,"date":"2022-10-31T15:32:49","date_gmt":"2022-10-31T21:32:49","guid":{"rendered":"https:\/\/encuentroinformativo.com.mx\/?p=33237"},"modified":"2022-10-31T15:32:53","modified_gmt":"2022-10-31T21:32:53","slug":"confia-snte-en-pago-de-incremento-salarial-a-docentes","status":"publish","type":"post","link":"https:\/\/encuentroinformativo.com.mx\/?p=33237","title":{"rendered":"Conf\u00eda SNTE en pago de incremento salarial a docentes"},"content":{"rendered":"\n<p><strong>Dar\u00edo Pale <\/strong><\/p>\n\n\n\n<p>Xalapa, Ver.- La Secretar\u00eda de Educaci\u00f3n de Veracruz (SEV) ha mostrado inter\u00e9s para cubrir los pagos del incremento salarial a los docentes del sistema educativo estatal, revel\u00f3 el secretario general de la Secci\u00f3n 56 del Sindicato Nacional de Trabajadores de la Educaci\u00f3n (SNTE), Jos\u00e9 Reveriano Mar\u00edn Hern\u00e1ndez.<\/p>\n\n\n\n<p>El l\u00edder sindical dijo confiar en las negociaciones con autoridades estatales para que el recurso econ\u00f3mico sea liberado lo antes posible.<\/p>\n\n\n\n<p>&#8220;El secretario de Educaci\u00f3n (Zenyazen Escobar Garc\u00eda) dio su explicaci\u00f3n que no tienen el recurso y que el Gobernador (Cuitl\u00e1huac Garc\u00eda Jim\u00e9nez) ya estaba en gesti\u00f3n con Gobierno Federal para que bajen el recurso por la cantidad tan alta&#8221;, expres\u00f3.<\/p>\n\n\n\n<p>Cabe recordar que el titular de la Secretar\u00eda de Educaci\u00f3n de Veracruz (SEV), Zenyazen Escobar Garc\u00eda, dio a conocer en d\u00edas pasados que se requieren 400 millones de pesos para pagar dicho concepto.<\/p>\n\n\n\n<p>\u201cEl Secretario expres\u00f3 esa preocupaci\u00f3n porque no tienen los recursos estatales, pues a los federales s\u00ed porque a ellos les paga el Fondo de Aportaciones para la N\u00f3mina Educativa y Gasto Operativo (FONE). Para los estatales no existe ese recurso del FONE, es un recurso que tiene que disponer el propio estado y yo entiendo que ah\u00ed fue donde no tienen la partida presupuestal porque apenas fue de este a\u00f1o\u201d, a\u00f1adi\u00f3.<\/p>\n\n\n\n<p>Por ese motivo, a\u00fan no se ha fijado una fecha para la liberaci\u00f3n de los pagos del uno, dos y tres por ciento de aumento salarial.<\/p>\n\n\n\n<p>\u201cYo platiqu\u00e9 con el Secretario de Educaci\u00f3n, \u00e9l manifiesta que ya est\u00e1n ocupados junto con el Gobernador para poder cubrir los montos\u201d, insisti\u00f3 Mar\u00edn Hern\u00e1ndez.<\/p>\n\n\n\n<p>Cabe mencionar que las oficinas centrales de la SEV fueron tomadas, de manera indefinida, por docentes de distintos sindicatos durante este lunes 31 de octubre, para exigir los pagos mencionados.\u00a0<\/p>\n","protected":false},"excerpt":{"rendered":"<p>Dar\u00edo Pale Xalapa, Ver.- La Secretar\u00eda de Educaci\u00f3n de Veracruz (SEV) ha mostrado inter\u00e9s para cubrir los pagos del incremento salarial a los docentes del sistema educativo estatal, revel\u00f3 el secretario general de la Secci\u00f3n 56 del Sindicato Nacional de Trabajadores de la Educaci\u00f3n (SNTE), Jos\u00e9 Reveriano Mar\u00edn Hern\u00e1ndez. El l\u00edder sindical dijo confiar en [&hellip;]<\/p>\n","protected":false},"author":1,"featured_media":33238,"comment_status":"open","ping_status":"open","sticky":false,"template":"","format":"standard","meta":{"_jetpack_memberships_contains_paid_content":false,"footnotes":""},"categories":[2],"tags":[],"class_list":["post-33237","post","type-post","status-publish","format-standard","has-post-thumbnail","hentry","category-estado"],"jetpack_featured_media_url":"https:\/\/encuentroinformativo.com.mx\/wp-content\/uploads\/2022\/10\/1CC1E3BF-56C7-4988-8BED-F05DE5C72D74.jpeg","jetpack_sharing_enabled":true,"jetpack_likes_enabled":true,"amp_enabled":true,"_links":{"self":[{"href":"https:\/\/encuentroinformativo.com.mx\/index.php?rest_route=\/wp\/v2\/posts\/33237","targetHints":{"allow":["GET"]}}],"collection":[{"href":"https:\/\/encuentroinformativo.com.mx\/index.php?rest_route=\/wp\/v2\/posts"}],"about":[{"href":"https:\/\/encuentroinformativo.com.mx\/index.php?rest_route=\/wp\/v2\/types\/post"}],"author":[{"embeddable":true,"href":"https:\/\/encuentroinformativo.com.mx\/index.php?rest_route=\/wp\/v2\/users\/1"}],"replies":[{"embeddable":true,"href":"https:\/\/encuentroinformativo.com.mx\/index.php?rest_route=%2Fwp%2Fv2%2Fcomments&post=33237"}],"version-history":[{"count":1,"href":"https:\/\/encuentroinformativo.com.mx\/index.php?rest_route=\/wp\/v2\/posts\/33237\/revisions"}],"predecessor-version":[{"id":33239,"href":"https:\/\/encuentroinformativo.com.mx\/index.php?rest_route=\/wp\/v2\/posts\/33237\/revisions\/33239"}],"wp:featuredmedia":[{"embeddable":true,"href":"https:\/\/encuentroinformativo.com.mx\/index.php?rest_route=\/wp\/v2\/media\/33238"}],"wp:attachment":[{"href":"https:\/\/encuentroinformativo.com.mx\/index.php?rest_route=%2Fwp%2Fv2%2Fmedia&parent=33237"}],"wp:term":[{"taxonomy":"category","embeddable":true,"href":"https:\/\/encuentroinformativo.com.mx\/index.php?rest_route=%2Fwp%2Fv2%2Fcategories&post=33237"},{"taxonomy":"post_tag","embeddable":true,"href":"https:\/\/encuentroinformativo.com.mx\/index.php?rest_route=%2Fwp%2Fv2%2Ftags&post=33237"}],"curies":[{"name":"wp","href":"https:\/\/api.w.org\/{rel}","templated":true}]}}