{"id":33246,"date":"2022-10-31T18:24:51","date_gmt":"2022-11-01T00:24:51","guid":{"rendered":"https:\/\/encuentroinformativo.com.mx\/?p=33246"},"modified":"2022-10-31T18:24:58","modified_gmt":"2022-11-01T00:24:58","slug":"refrenda-boca-del-rio-compromiso-con-las-fuerzas-federales-estatales-y-municipales-alcalde-jm-unanue","status":"publish","type":"post","link":"https:\/\/encuentroinformativo.com.mx\/?p=33246","title":{"rendered":"Refrenda Boca del R\u00edo compromiso con las fuerzas federales, estatales y municipales: Alcalde JM Un\u00e1nue"},"content":{"rendered":"\n<p>Boca del R\u00edo, Ver.- Boca del R\u00edo mantendr\u00e1 plena coordinaci\u00f3n y comunicaci\u00f3n con los mandos navales por el bien de los boque\u00f1os, extern\u00f3 el Alcalde, Juan Manuel Un\u00e1nue Abascal.<\/p>\n\n\n\n<p>El Presidente Municipal estuvo presente en la ceremonia del cambio de mando de la Tercera Regi\u00f3n Naval, que se encuentra ubicada en el municipio de Veracruz, donde las autoridades presentes dieron la bienvenida al nuevo Comandante, el Almirante Ra\u00fal P\u00e9rez V\u00e1zquez.<\/p>\n\n\n\n<p>Agradeciendo por su apoyo y colaboraci\u00f3n al Almirante Fernando Angli Rodr\u00edguez, quien, a partir de esta fecha, deja el mando de la Regi\u00f3n Naval.<\/p>\n\n\n\n<p>\u201cPara un servidor como Presidente Municipal de Boca del R\u00edo, es fundamental mantener las buenas relaciones con las instituciones de seguridad, mantendremos esa coordinaci\u00f3n y comunicaci\u00f3n para garantizar la tranquilidad de nuestras familias\u201d, enfatiz\u00f3 el edil.<\/p>\n\n\n\n<p>Destacando, adem\u00e1s, la buena relaci\u00f3n que hay entre la Polic\u00eda Naval y la Polic\u00eda Municipal de Boca del R\u00edo, quienes, en conjunto, contribuyen con la seguridad de la ciudad y de sus habitantes.<\/p>\n\n\n\n<p>Por otra parte, el Ejecutivo Municipal, destac\u00f3 que el fin de semana que pas\u00f3, Boca del R\u00edo contin\u00faa con su plena recuperaci\u00f3n econ\u00f3mica, destacando conciertos de primer nivel, as\u00ed como la presencia del turismo de convenciones que regresa al municipio.<\/p>\n\n\n\n<p>Exalt\u00f3, que, con la presencia de este tipo de actividades, hay una importante derrama econ\u00f3mica, presentando, por ejemplo, una ocupaci\u00f3n hotelera del 90 por ciento en la ciudad, restaurantes y plazas comerciales con fuerte afluencia en sus instalaciones.<\/p>\n\n\n\n<p>Juan Manuel Un\u00e1nue Abascal, Alcalde de Boca del R\u00edo, refrend\u00f3 el compromiso de su gobierno, de ser un facilitador para que m\u00e1s eventos de este tipo, contin\u00faen llegando a la ciudad y sigan siendo un fuerte motor de crecimiento econ\u00f3mico y tur\u00edstico.<\/p>\n","protected":false},"excerpt":{"rendered":"<p>Boca del R\u00edo, Ver.- Boca del R\u00edo mantendr\u00e1 plena coordinaci\u00f3n y comunicaci\u00f3n con los mandos navales por el bien de los boque\u00f1os, extern\u00f3 el Alcalde, Juan Manuel Un\u00e1nue Abascal. El Presidente Municipal estuvo presente en la ceremonia del cambio de mando de la Tercera Regi\u00f3n Naval, que se encuentra ubicada en el municipio de Veracruz, [&hellip;]<\/p>\n","protected":false},"author":1,"featured_media":33247,"comment_status":"open","ping_status":"open","sticky":false,"template":"","format":"standard","meta":{"_jetpack_memberships_contains_paid_content":false,"footnotes":""},"categories":[2],"tags":[],"class_list":["post-33246","post","type-post","status-publish","format-standard","has-post-thumbnail","hentry","category-estado"],"jetpack_featured_media_url":"https:\/\/encuentroinformativo.com.mx\/wp-content\/uploads\/2022\/10\/91DB71DD-166D-4C21-A6C1-F559EDE42C28.jpeg","jetpack_sharing_enabled":true,"jetpack_likes_enabled":true,"amp_enabled":true,"_links":{"self":[{"href":"https:\/\/encuentroinformativo.com.mx\/index.php?rest_route=\/wp\/v2\/posts\/33246","targetHints":{"allow":["GET"]}}],"collection":[{"href":"https:\/\/encuentroinformativo.com.mx\/index.php?rest_route=\/wp\/v2\/posts"}],"about":[{"href":"https:\/\/encuentroinformativo.com.mx\/index.php?rest_route=\/wp\/v2\/types\/post"}],"author":[{"embeddable":true,"href":"https:\/\/encuentroinformativo.com.mx\/index.php?rest_route=\/wp\/v2\/users\/1"}],"replies":[{"embeddable":true,"href":"https:\/\/encuentroinformativo.com.mx\/index.php?rest_route=%2Fwp%2Fv2%2Fcomments&post=33246"}],"version-history":[{"count":1,"href":"https:\/\/encuentroinformativo.com.mx\/index.php?rest_route=\/wp\/v2\/posts\/33246\/revisions"}],"predecessor-version":[{"id":33248,"href":"https:\/\/encuentroinformativo.com.mx\/index.php?rest_route=\/wp\/v2\/posts\/33246\/revisions\/33248"}],"wp:featuredmedia":[{"embeddable":true,"href":"https:\/\/encuentroinformativo.com.mx\/index.php?rest_route=\/wp\/v2\/media\/33247"}],"wp:attachment":[{"href":"https:\/\/encuentroinformativo.com.mx\/index.php?rest_route=%2Fwp%2Fv2%2Fmedia&parent=33246"}],"wp:term":[{"taxonomy":"category","embeddable":true,"href":"https:\/\/encuentroinformativo.com.mx\/index.php?rest_route=%2Fwp%2Fv2%2Fcategories&post=33246"},{"taxonomy":"post_tag","embeddable":true,"href":"https:\/\/encuentroinformativo.com.mx\/index.php?rest_route=%2Fwp%2Fv2%2Ftags&post=33246"}],"curies":[{"name":"wp","href":"https:\/\/api.w.org\/{rel}","templated":true}]}}