{"id":33253,"date":"2022-11-01T10:26:57","date_gmt":"2022-11-01T16:26:57","guid":{"rendered":"https:\/\/encuentroinformativo.com.mx\/?p=33253"},"modified":"2022-11-01T10:27:01","modified_gmt":"2022-11-01T16:27:01","slug":"mas-catrinas-menos-brujas","status":"publish","type":"post","link":"https:\/\/encuentroinformativo.com.mx\/?p=33253","title":{"rendered":"M\u00c1S CATRINAS, MENOS BRUJAS"},"content":{"rendered":"\n<p><strong>Los Pol\u00edticos<\/strong><\/p>\n\n\n\n<p><strong>Salvador Mu\u00f1oz<\/strong><\/p>\n\n\n\n<p>Si se hubiera celebrado un concurso de disfraces en el reciente paseo de catrinas que hubo el pasado fin de semana en Xalapa, sin duda alguna el ganador habr\u00eda sido Cuitl\u00e1huac, el Gobernador\u2026 \u00bfvio su disfraz? en t\u00e9rminos simples, era una especie de Woody Zombie. \u00bfRecuerda a Woody, el vaquero de Toy Story? Pues as\u00ed fue: en jeans, camisa de cuadros, un chaleco, el sombrero y un intento de maquillaje que a veces parec\u00eda una especie de mimo desgastado con cruza de El Joker y mugrosito de la cara\u2026 \u00a1tantito peor! \u00a1Al lado de Bola 8, quien finge o funge como secretario de Gobierno, parec\u00eda el empleado de \u00e9ste!<\/p>\n\n\n\n<p>Lo que m\u00e1s me gust\u00f3 de este Desfile de Catrinas es el ap\u00e9ndice \u201cTradicional\u201d&#8230; Es curioso, pero si hay alguien que vino a hacer internacional la celebraci\u00f3n del D\u00eda de Muertos en la Ciudad de M\u00e9xico fue Bond\u2026 James Bond.<\/p>\n\n\n\n<p>Si bien, a principios del siglo se acostumbraba a poner un altar de muertos por estas fechas en el Z\u00f3calo de la Ciudad, justo enfrente de Palacio Nacional, en 2014, cuando la Productora del famoso personaje 007 buscaba locaciones para \u201cSpectre\u201d, tuvo una idea y la fueron formando con el Gobierno de Miguel Mancera\u2026 en 2015 se filma la pel\u00edcula con un desfile de Catrinas, de Muertos, de Calaveras\u2026 fue tanto el \u00e9xito que proyect\u00f3 la primera escena de \u201cSpectre\u201d a nivel internacional, que el Gobierno de la Ciudad de M\u00e9xico dijo: \u00a1Hay que hacer el desfile cada a\u00f1o porque los turistas van a venir y no lo van a encontrar!<\/p>\n\n\n\n<p>Claro\u2026 a veces nom\u00e1s falta un empujoncito para tener visi\u00f3n y hacer grandes cosas\u2026 y si bien, no hay motivo para hacer una cr\u00edtica negativa al desfile de catrinas que en Xalapa se celebr\u00f3 el pasado fin de semana, s\u00ed hay motivos para hacer cr\u00edtica pol\u00edtica\u2026<\/p>\n\n\n\n<p>\u00bfQu\u00e9 motiv\u00f3 que el Gober fuera tan apagado, desgarbado, a ese festejo que sinceramente exacerba uno de los elementos culturales de finales del siglo XIX y del siglo XX, como es la catrina, o como bien las llamaba el caricaturista y grabador, Jos\u00e9 Guadalupe Posada, Calavera Garbancera?<\/p>\n\n\n\n<p>A todas luces, este desfile fue organizado por Bola 8, tan fue as\u00ed, \u00a1que sus \u00f3rganos estaban a la vista de todos! Me refiero a sus \u00f3rganos \u201caut\u00f3nomos\u201d, que asomaban en primera fila flanqueando al Gobernador\u2026 \u00a1Todos ellos cual calaveras garbanceras! Ya por ah\u00ed, las manchitas: el Diputade (ir\u00eda por Motu Proprio, es bolero o en representaci\u00f3n de Cazar\u00edn?) as\u00ed como el secretario de Salud.<\/p>\n\n\n\n<p>Por supuesto, notable la ausencia de otros personajes como Zenyazen Escobar, Jos\u00e9 Luis Lima Franco y Juan Javier G\u00f3mez Cazar\u00edn\u2026 pero\u2026<\/p>\n\n\n\n<p>Es evidente nuevamente que al interior de Morena, en sus diferentes facetas de poder, se vive una disputa por ver qui\u00e9n traga m\u00e1s pinole\u2026<\/p>\n\n\n\n<p>El pasado fin de semana, en el Congreso local, Juan Javier G\u00f3mez Cazar\u00edn tuvo su concurso de altares, al cual hubo dos invitados especiales: Bola 8, quien la hizo de \u201cgu\u00eda espiritual\u201d pues explicaba en el mayor n\u00famero de altares, los conceptos que en ellos se plasmaban; y por ah\u00ed tambi\u00e9n lleg\u00f3 el Gobernador, quien volvi\u00f3 a lucir sus dotes de bailar\u00edn con el Xantolo\u2026 por cierto, otro que se la rif\u00f3 con esta danza fue el legislador Roberto San Rom\u00e1n\u2026<\/p>\n\n\n\n<p>Este domingo por la noche, Zenyazen celebr\u00f3 su D\u00eda de Muertos en el Vel\u00f3dromo de la ciudad capital, donde los maestros y el equipo de la SEV hicieron el Altar m\u00e1s grande con una longitud de 1502.89 metros cuadrados\u2026 pero sin la presencia del Gober\u2026 y Bola 8, mandando representante. El cuate de Zenyazen, Cazar\u00edn, brill\u00f3 por su ausencia. \u00a1Ah! \u00a1Pero fue Tatanacho!<\/p>\n\n\n\n<p>Y este lunes, Sefiplan tuvo su festejo\u2026 sin Jos\u00e9 Luis Lima Franco, pero encabezado por el primo, Eleazar Guerrero\u2026 muy a lo Petit Comit\u00e9\u2026 a lo mejor el secretario de Finanzas andaba desvelado con eso de que lo vieron en el restaurante Vena Cava con Pocitos\u2026 y conociendo los antecedentes del tuxpe\u00f1o ya se han de imaginar \u00a1qui\u00e9n perdi\u00f3 esa noche!<\/p>\n\n\n\n<p>Decir que el festejo fue de Sefiplan, es un eufemismo: parec\u00eda fiesta de Eleazar, donde le cromaron m\u00e1s de una calavera\u2026 y ah\u00ed, chiquiteando, alguna a Lima\u2026<\/p>\n\n\n\n<p>Como sea\u2026 al final, hay que celebrar que por esta ocasi\u00f3n, se aviva m\u00e1s el sentido de nuestras tradiciones por encima del famoso Halloween\u2026 aunque ello no responda el porqu\u00e9 el Gober fuera tan apagado, desgarbado, a la fiesta de Bola 8, hablando en t\u00e9rminos pol\u00edticos, porque si hablamos en t\u00e9rminos tradicionales, bien vale el grito: \u00a1m\u00e1s catrinas, menos brujas!<\/p>\n","protected":false},"excerpt":{"rendered":"<p>Los Pol\u00edticos Salvador Mu\u00f1oz Si se hubiera celebrado un concurso de disfraces en el reciente paseo de catrinas que hubo el pasado fin de semana en Xalapa, sin duda alguna el ganador habr\u00eda sido Cuitl\u00e1huac, el Gobernador\u2026 \u00bfvio su disfraz? en t\u00e9rminos simples, era una especie de Woody Zombie. \u00bfRecuerda a Woody, el vaquero de [&hellip;]<\/p>\n","protected":false},"author":1,"featured_media":387,"comment_status":"open","ping_status":"open","sticky":false,"template":"","format":"standard","meta":{"_jetpack_memberships_contains_paid_content":false,"footnotes":""},"categories":[11],"tags":[],"class_list":["post-33253","post","type-post","status-publish","format-standard","has-post-thumbnail","hentry","category-opinion"],"jetpack_featured_media_url":"https:\/\/encuentroinformativo.com.mx\/wp-content\/uploads\/2020\/03\/7CF8A22B-2764-47BE-8F7F-38FE9E5D6A2F.jpeg","jetpack_sharing_enabled":true,"jetpack_likes_enabled":true,"amp_enabled":true,"_links":{"self":[{"href":"https:\/\/encuentroinformativo.com.mx\/index.php?rest_route=\/wp\/v2\/posts\/33253","targetHints":{"allow":["GET"]}}],"collection":[{"href":"https:\/\/encuentroinformativo.com.mx\/index.php?rest_route=\/wp\/v2\/posts"}],"about":[{"href":"https:\/\/encuentroinformativo.com.mx\/index.php?rest_route=\/wp\/v2\/types\/post"}],"author":[{"embeddable":true,"href":"https:\/\/encuentroinformativo.com.mx\/index.php?rest_route=\/wp\/v2\/users\/1"}],"replies":[{"embeddable":true,"href":"https:\/\/encuentroinformativo.com.mx\/index.php?rest_route=%2Fwp%2Fv2%2Fcomments&post=33253"}],"version-history":[{"count":1,"href":"https:\/\/encuentroinformativo.com.mx\/index.php?rest_route=\/wp\/v2\/posts\/33253\/revisions"}],"predecessor-version":[{"id":33254,"href":"https:\/\/encuentroinformativo.com.mx\/index.php?rest_route=\/wp\/v2\/posts\/33253\/revisions\/33254"}],"wp:featuredmedia":[{"embeddable":true,"href":"https:\/\/encuentroinformativo.com.mx\/index.php?rest_route=\/wp\/v2\/media\/387"}],"wp:attachment":[{"href":"https:\/\/encuentroinformativo.com.mx\/index.php?rest_route=%2Fwp%2Fv2%2Fmedia&parent=33253"}],"wp:term":[{"taxonomy":"category","embeddable":true,"href":"https:\/\/encuentroinformativo.com.mx\/index.php?rest_route=%2Fwp%2Fv2%2Fcategories&post=33253"},{"taxonomy":"post_tag","embeddable":true,"href":"https:\/\/encuentroinformativo.com.mx\/index.php?rest_route=%2Fwp%2Fv2%2Ftags&post=33253"}],"curies":[{"name":"wp","href":"https:\/\/api.w.org\/{rel}","templated":true}]}}