{"id":33260,"date":"2022-11-01T14:34:43","date_gmt":"2022-11-01T20:34:43","guid":{"rendered":"https:\/\/encuentroinformativo.com.mx\/?p=33260"},"modified":"2022-11-01T14:34:51","modified_gmt":"2022-11-01T20:34:51","slug":"la-izquierda-que-se-afianza-en-latinoamerica","status":"publish","type":"post","link":"https:\/\/encuentroinformativo.com.mx\/?p=33260","title":{"rendered":"LA IZQUIERDA QUE SE AFIANZA EN LATINOAM\u00c9RICA"},"content":{"rendered":"\n<p><strong>ColumnaSinNombre<br>@pablojair<\/strong><\/p>\n\n\n\n<ul class=\"wp-block-list\"><li>La neta, la oposici\u00f3n ni se oye, ni se habla de ella.<\/li><li>Gracias por acordarse del patr\u00f3n C\u00e9sar.<\/li><li>Supervisa gober funcionamiento del Tec de Tantoyuca<\/li><li>Ya se implementa el Operativo Mochila.<\/li><\/ul>\n\n\n\n<p>&#8220;Munrreal&#8221; seguramente va a tener el apoyo de Vargas Llosa<br>&#8211;Chopenjawer<\/p>\n\n\n\n<p>La noticia que seguir\u00e1 siendo parte de la agenda de la semana no ser\u00e1 Checo P\u00e9rez recuperando en M\u00e9xico el subcampeonato de pilotos en la F\u00f3rmula 1, ni que el horario de verano ya se fue al carajo o los desfiles con gente disfrazada de catrines y ositos panda.<\/p>\n\n\n\n<p>La noticia real fue el triunfo de Inazio Lula Da Silva como nuevo presidente de Brasil, un triunfo muy cerrado, pero que finalmente &#8211;en un proceso conocido como segunda vuelta, all\u00e1 en las elecciones cariocas&#8211; dieron como ganador al tambi\u00e9n ex presidente por poco m\u00e1s del 50% de los electores.<\/p>\n\n\n\n<p>Una ventaja m\u00ednima, de apenas dos millones de votos por arriba de mi tocayo Jair Bolsonaro, quien hasta anoche cuando le\u00edamos las noticias sobre las elecciones de Brasil, no ha emitido ninguna postura, no ha hecho ning\u00fan comentario, ning\u00fan mensaje en redes sociales. S\u00f3lo se sabe que podr\u00eda decir algo este martes y mantiene a todos en vilo por lo que pudiera declarar.<\/p>\n\n\n\n<p>Hablamos de un presidente de ultraderecha, una especie de Donald Trump pero de Am\u00e9rica del Sur; muchos creen uno de sus principales errores como gobernante adem\u00e1s de sus posturas retr\u00f3gradas y conservadoras contra la comunidad LGBTTI, fue llegar a decir que la vacuna contra el Covid contagiaba de SIDA y por lo mismo no cre\u00eda en dicha enfermedad.<\/p>\n\n\n\n<p>Pero bueno, dos millones de votos, son dos millones de votos; \u201chaiga sido como haiga sido\u201d, a Brasil regresa un gobierno identificado plenamente con la izquierda; retorna un amigo cercano al presidente Andr\u00e9s Manuel L\u00f3pez Obrador, con quien habl\u00f3 este lunes por tel\u00e9fono y hasta le dijo que va a imitar al mexicano en casi en todo, pero no har\u00e1 \u201cma\u00f1aneras\u201d.<\/p>\n\n\n\n<p>Con el triunfo de Lula, Latinoam\u00e9rica ya se termina por pintar de rojo en su mayor\u00eda: en Colombia tambi\u00e9n gan\u00f3 Gustavo Petro, tambi\u00e9n amigo del presidente L\u00f3pez Obrador. A estos tambi\u00e9n se a\u00f1aden los gobiernos de Argentina, Per\u00fa, Bolivia, Chile, Venezuela, Colombia, Panam\u00e1, Honduras\u2026 Obviamente los de M\u00e9xico y Cuba.<\/p>\n\n\n\n<p>Es curioso, porque hasta en redes sociales bromean si ya con esto se est\u00e1 creando una especie de Uni\u00f3n Sovi\u00e9tica en Latinoam\u00e9rica, lo que me parece exagerado como aquella afirmaci\u00f3n de que M\u00e9xico se iba a convertir en Venezuela o Cuba.<\/p>\n\n\n\n<p>Pero el fondo, y habr\u00eda que platicarlo mucho en caf\u00e9s, conversatorios, foros, aulas, es que parece haber un mensaje muy claro de los habitantes del continente a los gobiernos y pol\u00edticos identificados con la derecha, con posturas conservadoras, incluso &#8211;y lo digo con todo respeto&#8211; a aquellos ligados a la Iglesia Cat\u00f3lica, que tambi\u00e9n es palpable c\u00f3mo va perdiendo creyentes, ojo, sin dejar de creer en Dios u otros entes espirituales superiores.<\/p>\n\n\n\n<p>Los gobiernos de ultraderecha est\u00e1n perdiendo territorio al capitalizar los pol\u00edticos de izquierda el voto de los pobres, que son muchos en Latinoam\u00e9rica. Han encontrado un nicho que los sostiene y finalmente se ver\u00e1 en unos a\u00f1os si logran sostener esta simpat\u00eda; ah\u00ed tenemos el caso de Per\u00fa, con un presidente llamado Pedro Castillo, que a duras penas parece sostener su gobierno; o el ultra-izquierdista dictador, Daniel Ortega, en Nicaragua. Estos dos son ejemplos de que tampoco la izquierda es perfecta, pero algo ha cautivado o convencido a todos esos electores para votar por esta ideolog\u00eda.<\/p>\n\n\n\n<p>Tampoco debe perderse de vista que Estados Unidos en poco tiempo tambi\u00e9n tendr\u00e1 elecciones presidenciales, y si bien all\u00e1 son bipartidistas, pues se puede decir o se percibe que el actual presidente Biden est\u00e1 m\u00e1s cargado (o tiene por lo menos simpat\u00eda) hacia a la izquierda, aunque los gringos para ellos su sagrada religi\u00f3n es el d\u00f3lar, el capitalismo, pero curiosamente conviviendo con gobiernos como el de M\u00e9xico.<\/p>\n\n\n\n<p>Es, sin duda, una elecci\u00f3n hist\u00f3rica: el regreso de Lula a la Presidencia de Brasil luego de haber sido encarcelado de manera injusta s\u00f3lo para que no creciera su influencia pol\u00edtica.<\/p>\n\n\n\n<p>Habr\u00e1 qu\u00e9 ver c\u00f3mo repercute esta nueva p\u00e1gina de la historia de Latinoam\u00e9rica en M\u00e9xico, pues estamos hablando de que el gigante brasileiro seguramente tendr\u00e1 una cercan\u00eda bastante estrecha con nuestro pa\u00eds.<\/p>\n\n\n\n<p><strong>NOTA PARA PEGAR EN EL REFRI:<\/strong> Hace poco celebramos entre amigos dos cumplea\u00f1os, y la cumplea\u00f1era nos ped\u00eda, imploraba, que dej\u00e1ramos de hablar de pol\u00edtica\u2026 Y es que esas bohemias entre amigos cercanos son para hablar de lo que se ve para futuro, de lo que est\u00e1 pasando y sacar a relucir uno que otro chisme o an\u00e9cdota del \u00e1mbito pol\u00edtico\u2026 En la pl\u00e1tica, lo que m\u00e1s se hablaba era del futuro de Morena, ya listo para volver a coronarse en 2024 en medio de lo que parecen ser rivalidades internas donde poco a poco comienzan a tejerse acuerdos para afianzar y evitar divisiones en los dos a\u00f1os que restan\u2026 Toda la pl\u00e1tica fue en torno a lo que viene para el partido lopezobradorista, hasta que alguien dijo: \u201c\u00bfYa se dieron cuenta que ni siquiera estamos hablando de la oposici\u00f3n?\u201d\u2026 Y en efecto, luego de la carcajada, terminamos en reflexionar que, al menos en Veracruz, no traen nada m\u00e1s que esperanzas de sobrevivir en el presupuesto con una posici\u00f3n plurinominal o alguna alcald\u00eda que se logre recuperar o retener.<\/p>\n\n\n\n<p><strong>OTRA NOTA: <\/strong>Detallazo, en verdad, el del Partido Revolucionario Institucional por el altar de muertos dedicado a periodistas fallecidos, entre los que se encuentra el patroncito C\u00e9sar V\u00e1zquez Chagoya\u2026 Al l\u00edder estatal Marlon Ram\u00edrez, y a su jefe de prensa, Ram\u00f3n Reyes, nuestro agradecimiento por acordarse de quien parti\u00f3 hace 8 a\u00f1os, un 12 de enero de 2014\u2026 El maestro, efectivamente, fue pri\u00edsta de hueso colorado, llegando a ser diputado por ese partido, pero tambi\u00e9n fue un cr\u00edtico del sistema y narr\u00f3 historias sobre la vida pol\u00edtica de Veracruz y la manera en que se gobernaba o se dejaba de gobernar\u2026 Tambi\u00e9n atinada la decisi\u00f3n de los tricolores en no publicitar el tema, pues en verdad s\u00f3lo buscaban rendir homenaje a quienes ya se nos adelantaron sin hacer bandera de ellos. Felicidades por la iniciativa.<\/p>\n\n\n\n<p><strong>OTRA NOTA EXTRA: <\/strong>Con la premisa de que la educaci\u00f3n es un derecho y no un privilegio, el Gobierno de Veracruz realiza la inversi\u00f3n m\u00e1s grande de los \u00faltimos a\u00f1os para rehabilitar, construir y rescatar espacios como el Instituto Tecnol\u00f3gico Superior de Tantoyuca, que este a\u00f1o fue dotado con un aula de usos m\u00faltiples y obra exterior en beneficio de 2 mil 200 estudiantes\u2026 En visita de supervisi\u00f3n, el gobernador Cuitl\u00e1huac Garc\u00eda Jim\u00e9nez destac\u00f3 el impulso a este nivel educativo como compromiso de justicia social a uno de los sectores m\u00e1s golpeados por el periodo neoliberal, sobre todo en el norte\u2026 \u201cHemos puesto mayor \u00e9nfasis en los tecnol\u00f3gicos y lo que hacemos lo respaldamos con hechos y testimonios, aunque los opositores no lo quieran ver\u201d\u2026 Mediante 2 millones 496 mil pesos, la administraci\u00f3n construy\u00f3 un edificio que alberga cuatro aulas, m\u00e1s una sala de posgrado y una de juntas, cub\u00edculos y laboratorios de Ingenier\u00eda Industrial, Dise\u00f1o asistido por Computadora o Simulaci\u00f3n, Manufactura asistida por Computadora y Control de Calidad, Metodolog\u00eda y Normalizaci\u00f3n, M\u00e9todos y Ergonom\u00eda, Procesos y Taller de Prototipos, Seguridad e Higiene Industrial.<\/p>\n\n\n\n<p><strong>LA \u00daLTIMA PORQUE MARAT\u00d3N DE HARRY POTTER EN WARNER: C<\/strong>omo parte de las acciones de prevenci\u00f3n social en contra de la violencia y de la delincuencia, el secretario de Educaci\u00f3n, Zenyazen Escobar Garc\u00eda, en compa\u00f1\u00eda del subsecretario de Educaci\u00f3n Media Superior y Superior, Jorge Miguel Uscanga Villalba, puso en marcha la estrategia #NoTelaJueguesConLasDrogas con la poblaci\u00f3n estudiantil del Centro de Bachillerato Tecnol\u00f3gico industrial y de servicios (CBTis) 146 de este municipio, donde a la par y como medida de reforzamiento arranc\u00f3 el Operativo Mochila. En entrevista, el funcionario estatal precis\u00f3 que son las madres y los padres de familia quienes autorizan o no el desarrollo de este Operativo Mochila en sus planteles mediante un consejo previo; permitiendo que sean ellos mismos quienes revisen las pertenencias de sus hijos en respeto a sus derechos y garant\u00edas individuales. En caso de que se detecte alg\u00fan art\u00edculo que represente un riesgo para el alumno y la propia comunidad educativa, Escobar Garc\u00eda afirm\u00f3 que son los padres de familia los primeros en ser informados; en tanto que, a trav\u00e9s de la Secretar\u00eda de Seguridad P\u00fablica (SSP), se aplicar\u00e1 el protocolo correspondiente.<\/p>\n","protected":false},"excerpt":{"rendered":"<p>ColumnaSinNombre@pablojair La neta, la oposici\u00f3n ni se oye, ni se habla de ella. Gracias por acordarse del patr\u00f3n C\u00e9sar. Supervisa gober funcionamiento del Tec de Tantoyuca Ya se implementa el Operativo Mochila. &#8220;Munrreal&#8221; seguramente va a tener el apoyo de Vargas Llosa&#8211;Chopenjawer La noticia que seguir\u00e1 siendo parte de la agenda de la semana no [&hellip;]<\/p>\n","protected":false},"author":1,"featured_media":488,"comment_status":"open","ping_status":"open","sticky":false,"template":"","format":"standard","meta":{"_jetpack_memberships_contains_paid_content":false,"footnotes":""},"categories":[11],"tags":[],"class_list":["post-33260","post","type-post","status-publish","format-standard","has-post-thumbnail","hentry","category-opinion"],"jetpack_featured_media_url":"https:\/\/encuentroinformativo.com.mx\/wp-content\/uploads\/2020\/03\/F471F608-BA1A-416B-BA7B-BCFB24F4E6D0.jpeg","jetpack_sharing_enabled":true,"jetpack_likes_enabled":true,"amp_enabled":true,"_links":{"self":[{"href":"https:\/\/encuentroinformativo.com.mx\/index.php?rest_route=\/wp\/v2\/posts\/33260","targetHints":{"allow":["GET"]}}],"collection":[{"href":"https:\/\/encuentroinformativo.com.mx\/index.php?rest_route=\/wp\/v2\/posts"}],"about":[{"href":"https:\/\/encuentroinformativo.com.mx\/index.php?rest_route=\/wp\/v2\/types\/post"}],"author":[{"embeddable":true,"href":"https:\/\/encuentroinformativo.com.mx\/index.php?rest_route=\/wp\/v2\/users\/1"}],"replies":[{"embeddable":true,"href":"https:\/\/encuentroinformativo.com.mx\/index.php?rest_route=%2Fwp%2Fv2%2Fcomments&post=33260"}],"version-history":[{"count":1,"href":"https:\/\/encuentroinformativo.com.mx\/index.php?rest_route=\/wp\/v2\/posts\/33260\/revisions"}],"predecessor-version":[{"id":33261,"href":"https:\/\/encuentroinformativo.com.mx\/index.php?rest_route=\/wp\/v2\/posts\/33260\/revisions\/33261"}],"wp:featuredmedia":[{"embeddable":true,"href":"https:\/\/encuentroinformativo.com.mx\/index.php?rest_route=\/wp\/v2\/media\/488"}],"wp:attachment":[{"href":"https:\/\/encuentroinformativo.com.mx\/index.php?rest_route=%2Fwp%2Fv2%2Fmedia&parent=33260"}],"wp:term":[{"taxonomy":"category","embeddable":true,"href":"https:\/\/encuentroinformativo.com.mx\/index.php?rest_route=%2Fwp%2Fv2%2Fcategories&post=33260"},{"taxonomy":"post_tag","embeddable":true,"href":"https:\/\/encuentroinformativo.com.mx\/index.php?rest_route=%2Fwp%2Fv2%2Ftags&post=33260"}],"curies":[{"name":"wp","href":"https:\/\/api.w.org\/{rel}","templated":true}]}}