{"id":33273,"date":"2022-11-01T17:27:29","date_gmt":"2022-11-01T23:27:29","guid":{"rendered":"https:\/\/encuentroinformativo.com.mx\/?p=33273"},"modified":"2022-11-01T17:27:33","modified_gmt":"2022-11-01T23:27:33","slug":"se-analizan-terrenos-para-nuevo-cementerio-alcalde-ahued","status":"publish","type":"post","link":"https:\/\/encuentroinformativo.com.mx\/?p=33273","title":{"rendered":"Se analizan terrenos para nuevo cementerio: Alcalde Ahued"},"content":{"rendered":"\n<p><strong>Dar\u00edo Pale<\/strong><\/p>\n\n\n\n<p>Xalapa, Ver.- Hay terrenos en la congregaci\u00f3n de El Castillo para que sean destinados a un nuevo pante\u00f3n para la capital del Estado, al igual que para un cuartel de la Guardia Nacional, as\u00ed lo inform\u00f3 el presidente municipal de Xalapa Ricardo Ahued Bardahuil.<\/p>\n\n\n\n<p>En entrevista record\u00f3 que existe una petici\u00f3n y proyecto para la remodelaci\u00f3n del pante\u00f3n Cinco de Febrero, un pante\u00f3n que tiene mucha historia, pero que tambi\u00e9n est\u00e1 muy deteriorado.<\/p>\n\n\n\n<p>En ese sentido, dio a conocer que se deben contar con las autorizaciones del INAH por ser una zona protegida, que est\u00e1 restringida.<\/p>\n\n\n\n<p>Explic\u00f3 que para la remodelaci\u00f3n podr\u00edan usarse recursos propios del Ayuntamiento o de otros, pero insisti\u00f3 en que primero se debe contar con el proyecto.<\/p>\n\n\n\n<p>&#8220;S\u00ed valdr\u00eda la pena entrar a invertirle a un lugar que est\u00e1 pr\u00e1cticamente en el centro de la ciudad&#8221;, coment\u00f3.<\/p>\n\n\n\n<p>En otro orden de ideas en cuanto a los terrenos para un nuevo pante\u00f3n, reconoci\u00f3 que s\u00ed se necesita un nuevo espacio y en ese sentido mencion\u00f3 los terrenos de El Castillo, pero dijo que necesitan analizar si son susceptibles de ser pante\u00f3n.<\/p>\n\n\n\n<p>Explic\u00f3 que se trata de terrenos que son ejido y est\u00e1n en el proceso de regularizaci\u00f3n del t\u00edtulo de propiedad y si cumple con los permisos para ser otro espacio, se har\u00e1.<\/p>\n\n\n\n<p>&#8220;Porque s\u00ed ya es necesario que se busque otro espacio. Tendremos que hacerlo o, no s\u00e9 si necesitamos conseguir otro. Algo tenemos que hacer desde luego&#8221;, se\u00f1al\u00f3.<\/p>\n\n\n\n<p>En otro tema indic\u00f3 que cuentan con el terreno para otro cuartel de la Guardia Nacional, pero se requiere del t\u00edtulo de propiedad.<\/p>\n\n\n\n<p>Por \u00faltimo dio a conocer que este tambi\u00e9n est\u00e1 en el proceso de la desincorporaci\u00f3n del ejido, pero ya est\u00e1 pagado por alguna de las anteriores administraciones.<\/p>\n","protected":false},"excerpt":{"rendered":"<p>Dar\u00edo Pale Xalapa, Ver.- Hay terrenos en la congregaci\u00f3n de El Castillo para que sean destinados a un nuevo pante\u00f3n para la capital del Estado, al igual que para un cuartel de la Guardia Nacional, as\u00ed lo inform\u00f3 el presidente municipal de Xalapa Ricardo Ahued Bardahuil. En entrevista record\u00f3 que existe una petici\u00f3n y proyecto [&hellip;]<\/p>\n","protected":false},"author":1,"featured_media":33274,"comment_status":"open","ping_status":"open","sticky":false,"template":"","format":"standard","meta":{"_jetpack_memberships_contains_paid_content":false,"footnotes":""},"categories":[3],"tags":[],"class_list":["post-33273","post","type-post","status-publish","format-standard","has-post-thumbnail","hentry","category-xalapa"],"jetpack_featured_media_url":"https:\/\/encuentroinformativo.com.mx\/wp-content\/uploads\/2022\/11\/6029D218-1762-473B-A1A1-22C03F190FF2.jpeg","jetpack_sharing_enabled":true,"jetpack_likes_enabled":true,"amp_enabled":true,"_links":{"self":[{"href":"https:\/\/encuentroinformativo.com.mx\/index.php?rest_route=\/wp\/v2\/posts\/33273","targetHints":{"allow":["GET"]}}],"collection":[{"href":"https:\/\/encuentroinformativo.com.mx\/index.php?rest_route=\/wp\/v2\/posts"}],"about":[{"href":"https:\/\/encuentroinformativo.com.mx\/index.php?rest_route=\/wp\/v2\/types\/post"}],"author":[{"embeddable":true,"href":"https:\/\/encuentroinformativo.com.mx\/index.php?rest_route=\/wp\/v2\/users\/1"}],"replies":[{"embeddable":true,"href":"https:\/\/encuentroinformativo.com.mx\/index.php?rest_route=%2Fwp%2Fv2%2Fcomments&post=33273"}],"version-history":[{"count":1,"href":"https:\/\/encuentroinformativo.com.mx\/index.php?rest_route=\/wp\/v2\/posts\/33273\/revisions"}],"predecessor-version":[{"id":33275,"href":"https:\/\/encuentroinformativo.com.mx\/index.php?rest_route=\/wp\/v2\/posts\/33273\/revisions\/33275"}],"wp:featuredmedia":[{"embeddable":true,"href":"https:\/\/encuentroinformativo.com.mx\/index.php?rest_route=\/wp\/v2\/media\/33274"}],"wp:attachment":[{"href":"https:\/\/encuentroinformativo.com.mx\/index.php?rest_route=%2Fwp%2Fv2%2Fmedia&parent=33273"}],"wp:term":[{"taxonomy":"category","embeddable":true,"href":"https:\/\/encuentroinformativo.com.mx\/index.php?rest_route=%2Fwp%2Fv2%2Fcategories&post=33273"},{"taxonomy":"post_tag","embeddable":true,"href":"https:\/\/encuentroinformativo.com.mx\/index.php?rest_route=%2Fwp%2Fv2%2Ftags&post=33273"}],"curies":[{"name":"wp","href":"https:\/\/api.w.org\/{rel}","templated":true}]}}