{"id":33278,"date":"2022-11-02T10:44:39","date_gmt":"2022-11-02T16:44:39","guid":{"rendered":"https:\/\/encuentroinformativo.com.mx\/?p=33278"},"modified":"2022-11-02T10:44:49","modified_gmt":"2022-11-02T16:44:49","slug":"sev-debe-pagar-aumento-salarial-en-noviembre-segun-setse","status":"publish","type":"post","link":"https:\/\/encuentroinformativo.com.mx\/?p=33278","title":{"rendered":"SEV debe pagar aumento salarial en noviembre, seg\u00fan SETSE"},"content":{"rendered":"\n<p><strong>Juan Arcos <\/strong><\/p>\n\n\n\n<p>Xalapa, Ver.- Sindicatos magisteriales exigieron al gobierno de Veracruz que el pago del aumento salarial, del uno, dos y tres por ciento, se realice a m\u00e1s tardar en el mes de noviembre.<\/p>\n\n\n\n<p>De acuerdo con el secretario general del Sindicato Estatal de Trabajadores al Servicio de la Educaci\u00f3n (SETSE), Genovevo Zapot Zapot, la petici\u00f3n se hizo directamente al titular de la Secretar\u00eda de Educaci\u00f3n de Veracruz (SEV), Zenyazen Escobar Garc\u00eda, en una reuni\u00f3n celebrada la semana pasada.<\/p>\n\n\n\n<p>\u201cNosotros le pedimos al Secretario que se pague en este a\u00f1o y que se haga el esfuerzo de pagarse en este mes de noviembre, porque luego en diciembre son n\u00f3minas muy pesadas por todo lo que implica de prestaciones de fin de a\u00f1o\u201d, expres\u00f3.<\/p>\n\n\n\n<p>Record\u00f3 que el incremento salarial \u201cnatural\u201d al que tienen derecho los trabajadores se pag\u00f3 en tiempo y forma; sin embargo, el presidente de la Rep\u00fablica, Andr\u00e9s Manuel L\u00f3pez Obrador, anunci\u00f3 otro aumento pero \u201cdiferenciado\u201d.<\/p>\n\n\n\n<p>Se trata de un incremento del tres por ciento a quienes ganan menos de diez mil pesos, el dos por ciento para quienes perciben entre diez y 15 mil pesos, y el uno por ciento para los docentes que ganan entre 15 y 20 mil pesos mensuales.<\/p>\n\n\n\n<p>\u201cEstamos en di\u00e1logo, no se ha pagado. Me acabo de reunir con el Secretario y est\u00e1n por definir en qu\u00e9 quincena se paga, hay buena disposici\u00f3n para que se pague, efectivamente a la Federaci\u00f3n ya se le pag\u00f3\u201d, enfatiz\u00f3 el l\u00edder sindical.<\/p>\n\n\n\n<p>El gobierno estatal deber\u00e1 buscar un presupuesto adicional con la Federaci\u00f3n para cubrir dicho concepto lo antes posible.<\/p>\n\n\n\n<p>El pasado 15 de agosto fue publicado dicho incremento salarial en la Gaceta Oficial de la Federaci\u00f3n, pero el gobierno de Veracruz no lo ha otorgado.<\/p>\n\n\n\n<p>Cabe recordar que ha habido protestas por parte de docentes de diferentes sindicatos para exigir el pago mencionado.\u00a0<\/p>\n","protected":false},"excerpt":{"rendered":"<p>Juan Arcos Xalapa, Ver.- Sindicatos magisteriales exigieron al gobierno de Veracruz que el pago del aumento salarial, del uno, dos y tres por ciento, se realice a m\u00e1s tardar en el mes de noviembre. De acuerdo con el secretario general del Sindicato Estatal de Trabajadores al Servicio de la Educaci\u00f3n (SETSE), Genovevo Zapot Zapot, la [&hellip;]<\/p>\n","protected":false},"author":1,"featured_media":33279,"comment_status":"open","ping_status":"open","sticky":false,"template":"","format":"standard","meta":{"_jetpack_memberships_contains_paid_content":false,"footnotes":""},"categories":[2],"tags":[],"class_list":["post-33278","post","type-post","status-publish","format-standard","has-post-thumbnail","hentry","category-estado"],"jetpack_featured_media_url":"https:\/\/encuentroinformativo.com.mx\/wp-content\/uploads\/2022\/11\/EA13C5B1-5BA5-4489-B0DA-055A0032C9AA.jpeg","jetpack_sharing_enabled":true,"jetpack_likes_enabled":true,"amp_enabled":true,"_links":{"self":[{"href":"https:\/\/encuentroinformativo.com.mx\/index.php?rest_route=\/wp\/v2\/posts\/33278","targetHints":{"allow":["GET"]}}],"collection":[{"href":"https:\/\/encuentroinformativo.com.mx\/index.php?rest_route=\/wp\/v2\/posts"}],"about":[{"href":"https:\/\/encuentroinformativo.com.mx\/index.php?rest_route=\/wp\/v2\/types\/post"}],"author":[{"embeddable":true,"href":"https:\/\/encuentroinformativo.com.mx\/index.php?rest_route=\/wp\/v2\/users\/1"}],"replies":[{"embeddable":true,"href":"https:\/\/encuentroinformativo.com.mx\/index.php?rest_route=%2Fwp%2Fv2%2Fcomments&post=33278"}],"version-history":[{"count":1,"href":"https:\/\/encuentroinformativo.com.mx\/index.php?rest_route=\/wp\/v2\/posts\/33278\/revisions"}],"predecessor-version":[{"id":33280,"href":"https:\/\/encuentroinformativo.com.mx\/index.php?rest_route=\/wp\/v2\/posts\/33278\/revisions\/33280"}],"wp:featuredmedia":[{"embeddable":true,"href":"https:\/\/encuentroinformativo.com.mx\/index.php?rest_route=\/wp\/v2\/media\/33279"}],"wp:attachment":[{"href":"https:\/\/encuentroinformativo.com.mx\/index.php?rest_route=%2Fwp%2Fv2%2Fmedia&parent=33278"}],"wp:term":[{"taxonomy":"category","embeddable":true,"href":"https:\/\/encuentroinformativo.com.mx\/index.php?rest_route=%2Fwp%2Fv2%2Fcategories&post=33278"},{"taxonomy":"post_tag","embeddable":true,"href":"https:\/\/encuentroinformativo.com.mx\/index.php?rest_route=%2Fwp%2Fv2%2Ftags&post=33278"}],"curies":[{"name":"wp","href":"https:\/\/api.w.org\/{rel}","templated":true}]}}