{"id":33286,"date":"2022-11-02T13:13:22","date_gmt":"2022-11-02T19:13:22","guid":{"rendered":"https:\/\/encuentroinformativo.com.mx\/?p=33286"},"modified":"2022-11-02T13:13:30","modified_gmt":"2022-11-02T19:13:30","slug":"tormenta-lisa-afectara-municipios-de-la-zona-sur","status":"publish","type":"post","link":"https:\/\/encuentroinformativo.com.mx\/?p=33286","title":{"rendered":"Tormenta \u2018Lisa\u2019 afectar\u00e1 municipios de la zona sur"},"content":{"rendered":"\n<p><strong>Dar\u00edo Pale <\/strong><\/p>\n\n\n\n<p>Xalapa, Ver.- La coordinadora del Servicio Meteorol\u00f3gico Nacional (SMN), Margarita M\u00e9ndez Gir\u00f3n, dio a conocer que la Tormenta tropical &#8220;Lisa&#8221;, afectar\u00e1 municipios del sur de Veracruz, ya que impactar\u00e1 como hurac\u00e1n categor\u00eda 1 la ma\u00f1ana de este mi\u00e9rcoles por lo que se esperan lluvias acumuladas de 150 a 200 mm en dicha zona del Estado.<\/p>\n\n\n\n<p>La tormenta tropical Lisa, afectar\u00e1 el sur de Veracruz, principalmente los municipios de Minatitl\u00e1n, Coatzacoalcos y Catemaco, de igual manera las entidades que mayormente se ver\u00e1n afectadas son Quintana Roo, Chiapas, Campeche, Tabasco y Yucat\u00e1n.<\/p>\n\n\n\n<p>&#8220;La tormenta tropical Lisa continuar\u00e1 intensific\u00e1ndose en las pr\u00f3ximas horas. Se prev\u00e9 que la ma\u00f1ana de mi\u00e9rcoles alcance la categor\u00eda de hurac\u00e1n categor\u00eda 1 con vientos de 119 a 153 kil\u00f3metros por hora frente a las costas de Belice y Quintana Roo&#8221;, se\u00f1al\u00f3.<\/p>\n\n\n\n<p>Dio a conocer que una vez que se interne, afecte entidades como depresi\u00f3n tropical con vientos de 45 a 62 kil\u00f3metros por hora los estados de Chiapas, Tabasco, sur de Veracruz y Oriente de Oaxaca.<\/p>\n\n\n\n<p>&#8220;En su recorrido, las bandas nubosas de Lisa provocar\u00e1n lluvias muy fuertes e intensas en Quintana Roo, Campeche, Tabasco, Oaxaca y sur de Veracruz, as\u00ed como lluvias torrenciales en Chiapas&#8221;, coment\u00f3.<\/p>\n\n\n\n<p>Dichas lluvias podr\u00edan provocar posibles deslaves e inundaciones y aumentos en los r\u00edos y arroyos.<\/p>\n\n\n\n<p>La funcionaria federal destac\u00f3 que se esperan lluvias acumuladas del 1 al 5 de noviembre en Chiapas con 200 a 300 mm; Quintana Roo de 150 200 mm; Campeche de 150 a 200 mm; Tabasco de 150 a 200 mm; Veracruz de 150 a 200 mm; Yucat\u00e1n de 100 a 150 mm y, Oaxaca de 75 a 150 mm.<\/p>\n\n\n\n<p>Por \u00faltimo coment\u00f3 que debido al incremento del potencial de lluvias tambi\u00e9n la Comisi\u00f3n Nacional del Agua (CONAGUA), se est\u00e1 vigilando la presa Canseco, que es de vertedor controlado y que se encuentra a un 97 por ciento de su capacidad, as\u00ed como la Cangrejera que est\u00e1 al 86 por ciento.<\/p>\n","protected":false},"excerpt":{"rendered":"<p>Dar\u00edo Pale Xalapa, Ver.- La coordinadora del Servicio Meteorol\u00f3gico Nacional (SMN), Margarita M\u00e9ndez Gir\u00f3n, dio a conocer que la Tormenta tropical &#8220;Lisa&#8221;, afectar\u00e1 municipios del sur de Veracruz, ya que impactar\u00e1 como hurac\u00e1n categor\u00eda 1 la ma\u00f1ana de este mi\u00e9rcoles por lo que se esperan lluvias acumuladas de 150 a 200 mm en dicha zona [&hellip;]<\/p>\n","protected":false},"author":1,"featured_media":33287,"comment_status":"open","ping_status":"open","sticky":false,"template":"","format":"standard","meta":{"_jetpack_memberships_contains_paid_content":false,"footnotes":""},"categories":[2],"tags":[],"class_list":["post-33286","post","type-post","status-publish","format-standard","has-post-thumbnail","hentry","category-estado"],"jetpack_featured_media_url":"https:\/\/encuentroinformativo.com.mx\/wp-content\/uploads\/2022\/11\/330DF6CB-AE6F-4633-BAA3-175EAB5D2463.jpeg","jetpack_sharing_enabled":true,"jetpack_likes_enabled":true,"amp_enabled":true,"_links":{"self":[{"href":"https:\/\/encuentroinformativo.com.mx\/index.php?rest_route=\/wp\/v2\/posts\/33286","targetHints":{"allow":["GET"]}}],"collection":[{"href":"https:\/\/encuentroinformativo.com.mx\/index.php?rest_route=\/wp\/v2\/posts"}],"about":[{"href":"https:\/\/encuentroinformativo.com.mx\/index.php?rest_route=\/wp\/v2\/types\/post"}],"author":[{"embeddable":true,"href":"https:\/\/encuentroinformativo.com.mx\/index.php?rest_route=\/wp\/v2\/users\/1"}],"replies":[{"embeddable":true,"href":"https:\/\/encuentroinformativo.com.mx\/index.php?rest_route=%2Fwp%2Fv2%2Fcomments&post=33286"}],"version-history":[{"count":1,"href":"https:\/\/encuentroinformativo.com.mx\/index.php?rest_route=\/wp\/v2\/posts\/33286\/revisions"}],"predecessor-version":[{"id":33288,"href":"https:\/\/encuentroinformativo.com.mx\/index.php?rest_route=\/wp\/v2\/posts\/33286\/revisions\/33288"}],"wp:featuredmedia":[{"embeddable":true,"href":"https:\/\/encuentroinformativo.com.mx\/index.php?rest_route=\/wp\/v2\/media\/33287"}],"wp:attachment":[{"href":"https:\/\/encuentroinformativo.com.mx\/index.php?rest_route=%2Fwp%2Fv2%2Fmedia&parent=33286"}],"wp:term":[{"taxonomy":"category","embeddable":true,"href":"https:\/\/encuentroinformativo.com.mx\/index.php?rest_route=%2Fwp%2Fv2%2Fcategories&post=33286"},{"taxonomy":"post_tag","embeddable":true,"href":"https:\/\/encuentroinformativo.com.mx\/index.php?rest_route=%2Fwp%2Fv2%2Ftags&post=33286"}],"curies":[{"name":"wp","href":"https:\/\/api.w.org\/{rel}","templated":true}]}}