{"id":33296,"date":"2022-11-02T13:46:25","date_gmt":"2022-11-02T19:46:25","guid":{"rendered":"https:\/\/encuentroinformativo.com.mx\/?p=33296"},"modified":"2022-11-02T13:46:30","modified_gmt":"2022-11-02T19:46:30","slug":"iniciara-pago-de-pensiones-para-adultos-mayores","status":"publish","type":"post","link":"https:\/\/encuentroinformativo.com.mx\/?p=33296","title":{"rendered":"Iniciar\u00e1 pago de pensiones para adultos mayores"},"content":{"rendered":"\n<p><strong>Dar\u00edo Pale<\/strong><\/p>\n\n\n\n<p>Xalapa, Ver.- El delegado de los programas federales de Bienestar, Manuel Huerta Ladr\u00f3n de Guevara, dio a conocer que a partir de este jueves 3 de noviembre y hasta el 30 de este mismo mes se llevar\u00e1n a cabo los operativos para el pago de las pensiones de los adultos mayores en todo el Estado, v\u00eda mesas de atenci\u00f3n.<\/p>\n\n\n\n<p>En entrevista se\u00f1al\u00f3 que se habilitar\u00e1n m\u00e1s de mil puntos de pago en mil 700 comunidades, donde se atender\u00e1n alrededor de 400 mil mayores que reciben de manera directa su apoyo.<\/p>\n\n\n\n<p>Asimismo, se har\u00e1n los pagos v\u00eda dep\u00f3sito bancario a los beneficiarios que podr\u00e1n utilizar su tarjeta para poder disponer de sus recursos.<\/p>\n\n\n\n<p>Expuso que durante esos d\u00edas resolver\u00e1n algunos problemas que aquejan a los beneficiarios sobre el pago de sus pensiones, por lo cual podr\u00e1n preguntar en las mesas de atenci\u00f3n.<\/p>\n\n\n\n<p>Reiter\u00f3 que la poblaci\u00f3n de adultos mayores que cumplieron 65 a\u00f1os entre septiembre y octubre que fueron inscritos en el pasado operativo, tendr\u00e1n noticias a partir de diciembre.<\/p>\n\n\n\n<p>Huerta Ladr\u00f3n abund\u00f3 que los operativos pagar\u00e1n 3 mil 850 pesos correspondientes al \u00faltimo bimestre del a\u00f1o noviembre-diciembre, pero reiter\u00f3 que a partir del pr\u00f3ximo a\u00f1o el monto crecer\u00e1 a 4 mil 812.<\/p>\n\n\n\n<p>Finalmente coment\u00f3 que de manera adicional se complementar\u00e1 con la dispersi\u00f3n de 2 mil 200 millones de pesos que corresponden al pago de las becas Benito Ju\u00e1rez a partir de la segunda semana de noviembre.<\/p>\n","protected":false},"excerpt":{"rendered":"<p>Dar\u00edo Pale Xalapa, Ver.- El delegado de los programas federales de Bienestar, Manuel Huerta Ladr\u00f3n de Guevara, dio a conocer que a partir de este jueves 3 de noviembre y hasta el 30 de este mismo mes se llevar\u00e1n a cabo los operativos para el pago de las pensiones de los adultos mayores en todo [&hellip;]<\/p>\n","protected":false},"author":1,"featured_media":33297,"comment_status":"open","ping_status":"open","sticky":false,"template":"","format":"standard","meta":{"_jetpack_memberships_contains_paid_content":false,"footnotes":""},"categories":[2],"tags":[],"class_list":["post-33296","post","type-post","status-publish","format-standard","has-post-thumbnail","hentry","category-estado"],"jetpack_featured_media_url":"https:\/\/encuentroinformativo.com.mx\/wp-content\/uploads\/2022\/11\/0D83273A-24FA-4CC7-B75B-219330CEEFA4.jpeg","jetpack_sharing_enabled":true,"jetpack_likes_enabled":true,"amp_enabled":true,"_links":{"self":[{"href":"https:\/\/encuentroinformativo.com.mx\/index.php?rest_route=\/wp\/v2\/posts\/33296","targetHints":{"allow":["GET"]}}],"collection":[{"href":"https:\/\/encuentroinformativo.com.mx\/index.php?rest_route=\/wp\/v2\/posts"}],"about":[{"href":"https:\/\/encuentroinformativo.com.mx\/index.php?rest_route=\/wp\/v2\/types\/post"}],"author":[{"embeddable":true,"href":"https:\/\/encuentroinformativo.com.mx\/index.php?rest_route=\/wp\/v2\/users\/1"}],"replies":[{"embeddable":true,"href":"https:\/\/encuentroinformativo.com.mx\/index.php?rest_route=%2Fwp%2Fv2%2Fcomments&post=33296"}],"version-history":[{"count":1,"href":"https:\/\/encuentroinformativo.com.mx\/index.php?rest_route=\/wp\/v2\/posts\/33296\/revisions"}],"predecessor-version":[{"id":33298,"href":"https:\/\/encuentroinformativo.com.mx\/index.php?rest_route=\/wp\/v2\/posts\/33296\/revisions\/33298"}],"wp:featuredmedia":[{"embeddable":true,"href":"https:\/\/encuentroinformativo.com.mx\/index.php?rest_route=\/wp\/v2\/media\/33297"}],"wp:attachment":[{"href":"https:\/\/encuentroinformativo.com.mx\/index.php?rest_route=%2Fwp%2Fv2%2Fmedia&parent=33296"}],"wp:term":[{"taxonomy":"category","embeddable":true,"href":"https:\/\/encuentroinformativo.com.mx\/index.php?rest_route=%2Fwp%2Fv2%2Fcategories&post=33296"},{"taxonomy":"post_tag","embeddable":true,"href":"https:\/\/encuentroinformativo.com.mx\/index.php?rest_route=%2Fwp%2Fv2%2Ftags&post=33296"}],"curies":[{"name":"wp","href":"https:\/\/api.w.org\/{rel}","templated":true}]}}