{"id":33327,"date":"2022-11-03T12:18:28","date_gmt":"2022-11-03T18:18:28","guid":{"rendered":"https:\/\/encuentroinformativo.com.mx\/?p=33327"},"modified":"2022-11-03T12:18:32","modified_gmt":"2022-11-03T18:18:32","slug":"protestan-con-cruces-piden-cese-a-feminicidios","status":"publish","type":"post","link":"https:\/\/encuentroinformativo.com.mx\/?p=33327","title":{"rendered":"Protestan con cruces, piden cese a feminicidios"},"content":{"rendered":"\n<p><strong>Juan Arcos<\/strong><\/p>\n\n\n\n<p>Xalapa, Ver.- La feminista Myriam Lagunes Mar\u00edn protest\u00f3 frente a Palacio de Gobierno y coloc\u00f3 cruces de madera color rosa sobre la escalinata de la Catedral Metropolitana de Xalapa, para denunciar que contin\u00faan siendo alarmantes la cifras de feminicidios y las desapariciones de mujeres en la entidad.<\/p>\n\n\n\n<p>La integrante del Sistema Estatal para Prevenir, Atender, Sancionar y Erradicar la Violencia Contra las Mujeres revel\u00f3 que de enero a septiembre de este a\u00f1o se contabilizaron 68 feminicidios, 79 homicidios y 499 desapariciones.<\/p>\n\n\n\n<p>Durante su manifestaci\u00f3n indic\u00f3 que las cifras han sido recabadas por el Observatorio Universitario de Violencias contra las Mujeres de la Universidad Veracruzana (UV), donde se detalla que en los primeros nueve meses de 2020 se registraron 71 homicidios, 74 feminicidios y 223 desapariciones.<\/p>\n\n\n\n<p>Mientras que en el mismo periodo de 2021 hubo 62 homicidios de mujeres, 69 feminicidios y 509 desapariciones; sin embargo, se cree que por la pandemia de Sars-Cov2 (Covid-19) fueron \u201cfalseados\u201d algunos datos.<\/p>\n\n\n\n<p>\u201cEn el 2021 ten\u00edamos el tema de la pandemia y se sospecha que nos falsearon algunos datos o tambi\u00e9n el pico de desapariciones de mujeres, adolescentes y ni\u00f1as nos est\u00e1 hablando de que quiz\u00e1 no fueron reportados cierto n\u00famero de feminicidios y homicidios de mujeres\u201d, a\u00f1adi\u00f3 Myriam Lagunes.<\/p>\n\n\n\n<p>La activista indic\u00f3 que existe un grupo de trabajo que analiza la posibilidad de decretar una tercera alerta de g\u00e9nero contra las mujeres por desaparici\u00f3n en el estado de Veracruz.<\/p>\n\n\n\n<p>Se buscan acciones de infraestructura y capacitaci\u00f3n de personal, as\u00ed como la ampliaci\u00f3n de los presupuestos encaminados a suprimir la desigualdad de g\u00e9nero y prevenir, atender, sancionar y erradicar la violencia de g\u00e9nero.<\/p>\n\n\n\n<p>Lagunes Mar\u00edn opin\u00f3 que pese a que existen dos alertas de violencia de g\u00e9nero no se han destinado recursos p\u00fablicos para dichas acciones.<\/p>\n\n\n\n<p>\u201cNada que tenga que ver a destinar recursos a este rubro ha sido cumplido, lo cual nos indica que la atenci\u00f3n a esta problem\u00e1tica es meramente un discurso. Tampoco hemos visto materializado el objetivo de transversalizar la perspectiva de g\u00e9nero en la administraci\u00f3n p\u00fablica\u201d, agreg\u00f3.<\/p>\n\n\n\n<p>En ese sentido, se\u00f1al\u00f3 que miles de v\u00edctimas se acercan a las diversas dependencias estatales en b\u00fasqueda de apoyo y se topan con un proceso revictimizante y falto de atenci\u00f3n.<\/p>\n\n\n\n<figure class=\"wp-block-image size-large\"><img loading=\"lazy\" decoding=\"async\" width=\"1024\" height=\"768\" src=\"https:\/\/encuentroinformativo.com.mx\/wp-content\/uploads\/2022\/11\/D7E9965C-3DA2-440B-8F47-D6BA43ECF281-1024x768.jpeg\" alt=\"\" class=\"wp-image-33329\" srcset=\"https:\/\/encuentroinformativo.com.mx\/wp-content\/uploads\/2022\/11\/D7E9965C-3DA2-440B-8F47-D6BA43ECF281-1024x768.jpeg 1024w, https:\/\/encuentroinformativo.com.mx\/wp-content\/uploads\/2022\/11\/D7E9965C-3DA2-440B-8F47-D6BA43ECF281-300x225.jpeg 300w, https:\/\/encuentroinformativo.com.mx\/wp-content\/uploads\/2022\/11\/D7E9965C-3DA2-440B-8F47-D6BA43ECF281-768x576.jpeg 768w, https:\/\/encuentroinformativo.com.mx\/wp-content\/uploads\/2022\/11\/D7E9965C-3DA2-440B-8F47-D6BA43ECF281-1536x1152.jpeg 1536w, https:\/\/encuentroinformativo.com.mx\/wp-content\/uploads\/2022\/11\/D7E9965C-3DA2-440B-8F47-D6BA43ECF281.jpeg 2016w\" sizes=\"auto, (max-width: 1024px) 100vw, 1024px\" \/><\/figure>\n","protected":false},"excerpt":{"rendered":"<p>Juan Arcos Xalapa, Ver.- La feminista Myriam Lagunes Mar\u00edn protest\u00f3 frente a Palacio de Gobierno y coloc\u00f3 cruces de madera color rosa sobre la escalinata de la Catedral Metropolitana de Xalapa, para denunciar que contin\u00faan siendo alarmantes la cifras de feminicidios y las desapariciones de mujeres en la entidad. La integrante del Sistema Estatal para [&hellip;]<\/p>\n","protected":false},"author":1,"featured_media":33328,"comment_status":"open","ping_status":"open","sticky":false,"template":"","format":"standard","meta":{"_jetpack_memberships_contains_paid_content":false,"footnotes":""},"categories":[3],"tags":[],"class_list":["post-33327","post","type-post","status-publish","format-standard","has-post-thumbnail","hentry","category-xalapa"],"jetpack_featured_media_url":"https:\/\/encuentroinformativo.com.mx\/wp-content\/uploads\/2022\/11\/8FB2F5D3-EBBF-4795-9218-592A076C3332.jpeg","jetpack_sharing_enabled":true,"jetpack_likes_enabled":true,"amp_enabled":true,"_links":{"self":[{"href":"https:\/\/encuentroinformativo.com.mx\/index.php?rest_route=\/wp\/v2\/posts\/33327","targetHints":{"allow":["GET"]}}],"collection":[{"href":"https:\/\/encuentroinformativo.com.mx\/index.php?rest_route=\/wp\/v2\/posts"}],"about":[{"href":"https:\/\/encuentroinformativo.com.mx\/index.php?rest_route=\/wp\/v2\/types\/post"}],"author":[{"embeddable":true,"href":"https:\/\/encuentroinformativo.com.mx\/index.php?rest_route=\/wp\/v2\/users\/1"}],"replies":[{"embeddable":true,"href":"https:\/\/encuentroinformativo.com.mx\/index.php?rest_route=%2Fwp%2Fv2%2Fcomments&post=33327"}],"version-history":[{"count":1,"href":"https:\/\/encuentroinformativo.com.mx\/index.php?rest_route=\/wp\/v2\/posts\/33327\/revisions"}],"predecessor-version":[{"id":33330,"href":"https:\/\/encuentroinformativo.com.mx\/index.php?rest_route=\/wp\/v2\/posts\/33327\/revisions\/33330"}],"wp:featuredmedia":[{"embeddable":true,"href":"https:\/\/encuentroinformativo.com.mx\/index.php?rest_route=\/wp\/v2\/media\/33328"}],"wp:attachment":[{"href":"https:\/\/encuentroinformativo.com.mx\/index.php?rest_route=%2Fwp%2Fv2%2Fmedia&parent=33327"}],"wp:term":[{"taxonomy":"category","embeddable":true,"href":"https:\/\/encuentroinformativo.com.mx\/index.php?rest_route=%2Fwp%2Fv2%2Fcategories&post=33327"},{"taxonomy":"post_tag","embeddable":true,"href":"https:\/\/encuentroinformativo.com.mx\/index.php?rest_route=%2Fwp%2Fv2%2Ftags&post=33327"}],"curies":[{"name":"wp","href":"https:\/\/api.w.org\/{rel}","templated":true}]}}