{"id":33331,"date":"2022-11-03T12:22:04","date_gmt":"2022-11-03T18:22:04","guid":{"rendered":"https:\/\/encuentroinformativo.com.mx\/?p=33331"},"modified":"2022-11-03T12:22:08","modified_gmt":"2022-11-03T18:22:08","slug":"concluyen-con-exito-festividades-del-dia-de-muertos-en-boca-del-rio","status":"publish","type":"post","link":"https:\/\/encuentroinformativo.com.mx\/?p=33331","title":{"rendered":"Concluyen con \u00e9xito festividades del D\u00eda de Muertos en Boca del R\u00edo"},"content":{"rendered":"\n<p><strong>*<em>En el segundo y \u00faltimo d\u00eda de actividades, boque\u00f1os y turistas disfrutaron del Carnaval de Catrinas que estuvo lleno de color y alegr\u00eda<\/em>.<\/strong><\/p>\n\n\n\n<p>Boca del R\u00edo, Ver.- El Ayuntamiento de Boca del R\u00edo cerr\u00f3 con broche de oro las festividades por el D\u00eda de Muertos, destacando el colorido y tradicional Carnaval de Catrinas.<\/p>\n\n\n\n<p>Desde temprana hora, el Alcalde Juan Manuel de Un\u00e1nue Abascal acompa\u00f1\u00f3 y presenci\u00f3 la bendici\u00f3n que hizo el nuevo p\u00e1rroco de la iglesia de Santa Ana, Guillermo Arturo Ram\u00edrez Mart\u00ednez al muro &#8220;Boque\u00f1os de Origen&#8221;, conformado por 380 fotos que ya no est\u00e1n con nosotros, gente que fue fundadora de esta ciudad desde que era un pueblo de pescadores, es as\u00ed que en su primer a\u00f1o de adminstraci\u00f3n, el alcalde form\u00f3 parte de la cuarta edici\u00f3n de este muro fotogr\u00e1fico y melanc\u00f3lico.<\/p>\n\n\n\n<p>Por segundo d\u00eda consecutivo la Plaza C\u00edvica alberg\u00f3 la Exposici\u00f3n Gastron\u00f3mica en punto de las 4 de la tarde.<\/p>\n\n\n\n<p>En el teatro Fernando Guti\u00e9rrez Barrios se proyect\u00f3 el cortometraje de \u201cLa Condesa de Malibr\u00e1n,\u201d leyenda de or\u00edgenes boque\u00f1os; as\u00ed tambi\u00e9n la pel\u00edcula &#8220;El Libro de la Vida&#8221; fue proyectado ah\u00ed.<\/p>\n\n\n\n<p>En punto de las 18 horas, el Carnaval de Catrinas inici\u00f3 en la Avenida Veracruz, para despu\u00e9s recorrer dos arterias viales m\u00e1s hasta llegar al z\u00f3calo de la ciudad.<\/p>\n\n\n\n<p>Un recorrido constituido por m\u00fasica, algarab\u00eda, colores, misticismo y excelentes trabajos de maquillaje, acompa\u00f1ado con carros aleg\u00f3ricos, comparsas bailando y todo, bajo la mirada del mun\u00edcipe Juan Manuel de Un\u00e1nue y la presidenta del DIF Melina Rivera de Un\u00e1nue.<\/p>\n\n\n\n<p>La plaza c\u00edvica fue el punto de conclusi\u00f3n de dicho desfile, antecediendo a la presentaci\u00f3n art\u00edstica y entrega de reconocmientos a participantes de la muestra de altares.<\/p>\n\n\n\n<figure class=\"wp-block-image size-large\"><img loading=\"lazy\" decoding=\"async\" width=\"1024\" height=\"682\" src=\"https:\/\/encuentroinformativo.com.mx\/wp-content\/uploads\/2022\/11\/4B05D90F-2959-4C7B-B1C8-1D94E65E7811-1024x682.jpeg\" alt=\"\" class=\"wp-image-33333\" srcset=\"https:\/\/encuentroinformativo.com.mx\/wp-content\/uploads\/2022\/11\/4B05D90F-2959-4C7B-B1C8-1D94E65E7811-1024x682.jpeg 1024w, https:\/\/encuentroinformativo.com.mx\/wp-content\/uploads\/2022\/11\/4B05D90F-2959-4C7B-B1C8-1D94E65E7811-300x200.jpeg 300w, https:\/\/encuentroinformativo.com.mx\/wp-content\/uploads\/2022\/11\/4B05D90F-2959-4C7B-B1C8-1D94E65E7811-768x512.jpeg 768w, https:\/\/encuentroinformativo.com.mx\/wp-content\/uploads\/2022\/11\/4B05D90F-2959-4C7B-B1C8-1D94E65E7811.jpeg 1303w\" sizes=\"auto, (max-width: 1024px) 100vw, 1024px\" \/><\/figure>\n","protected":false},"excerpt":{"rendered":"<p>*En el segundo y \u00faltimo d\u00eda de actividades, boque\u00f1os y turistas disfrutaron del Carnaval de Catrinas que estuvo lleno de color y alegr\u00eda. Boca del R\u00edo, Ver.- El Ayuntamiento de Boca del R\u00edo cerr\u00f3 con broche de oro las festividades por el D\u00eda de Muertos, destacando el colorido y tradicional Carnaval de Catrinas. Desde temprana [&hellip;]<\/p>\n","protected":false},"author":1,"featured_media":33332,"comment_status":"open","ping_status":"open","sticky":false,"template":"","format":"standard","meta":{"_jetpack_memberships_contains_paid_content":false,"footnotes":""},"categories":[2],"tags":[],"class_list":["post-33331","post","type-post","status-publish","format-standard","has-post-thumbnail","hentry","category-estado"],"jetpack_featured_media_url":"https:\/\/encuentroinformativo.com.mx\/wp-content\/uploads\/2022\/11\/158E42BA-6116-4A35-926F-340F61321EEF.jpeg","jetpack_sharing_enabled":true,"jetpack_likes_enabled":true,"amp_enabled":true,"_links":{"self":[{"href":"https:\/\/encuentroinformativo.com.mx\/index.php?rest_route=\/wp\/v2\/posts\/33331","targetHints":{"allow":["GET"]}}],"collection":[{"href":"https:\/\/encuentroinformativo.com.mx\/index.php?rest_route=\/wp\/v2\/posts"}],"about":[{"href":"https:\/\/encuentroinformativo.com.mx\/index.php?rest_route=\/wp\/v2\/types\/post"}],"author":[{"embeddable":true,"href":"https:\/\/encuentroinformativo.com.mx\/index.php?rest_route=\/wp\/v2\/users\/1"}],"replies":[{"embeddable":true,"href":"https:\/\/encuentroinformativo.com.mx\/index.php?rest_route=%2Fwp%2Fv2%2Fcomments&post=33331"}],"version-history":[{"count":1,"href":"https:\/\/encuentroinformativo.com.mx\/index.php?rest_route=\/wp\/v2\/posts\/33331\/revisions"}],"predecessor-version":[{"id":33334,"href":"https:\/\/encuentroinformativo.com.mx\/index.php?rest_route=\/wp\/v2\/posts\/33331\/revisions\/33334"}],"wp:featuredmedia":[{"embeddable":true,"href":"https:\/\/encuentroinformativo.com.mx\/index.php?rest_route=\/wp\/v2\/media\/33332"}],"wp:attachment":[{"href":"https:\/\/encuentroinformativo.com.mx\/index.php?rest_route=%2Fwp%2Fv2%2Fmedia&parent=33331"}],"wp:term":[{"taxonomy":"category","embeddable":true,"href":"https:\/\/encuentroinformativo.com.mx\/index.php?rest_route=%2Fwp%2Fv2%2Fcategories&post=33331"},{"taxonomy":"post_tag","embeddable":true,"href":"https:\/\/encuentroinformativo.com.mx\/index.php?rest_route=%2Fwp%2Fv2%2Ftags&post=33331"}],"curies":[{"name":"wp","href":"https:\/\/api.w.org\/{rel}","templated":true}]}}