{"id":33335,"date":"2022-11-03T13:15:23","date_gmt":"2022-11-03T19:15:23","guid":{"rendered":"https:\/\/encuentroinformativo.com.mx\/?p=33335"},"modified":"2022-11-03T13:15:27","modified_gmt":"2022-11-03T19:15:27","slug":"ante-protestas-renuncia-directora-de-psicologia-uv","status":"publish","type":"post","link":"https:\/\/encuentroinformativo.com.mx\/?p=33335","title":{"rendered":"Ante protestas, renuncia directora de Psicolog\u00eda UV"},"content":{"rendered":"\n<p><strong>Juan Arcos <\/strong><\/p>\n\n\n\n<p>Xalapa, Ver.- Estudiantes de la Facultad de Psicolog\u00eda de la Universidad Veracruzana (UV) tomaron nuevamente sus instalaciones para exigir a las autoridades acad\u00e9micas la destituci\u00f3n de la directora Teresa Figueroa V\u00e1zquez, a quien se\u00f1alaron de haber sido omisa en sus funciones.<\/p>\n\n\n\n<p>Tras las constantes manifestaciones y marchas, la m\u00e1xima casa de estudios del estado reci\u00e9n inform\u00f3, a trav\u00e9s de un comunicado, que la Directora, en esta regi\u00f3n de Xalapa, present\u00f3 su renuncia.<\/p>\n\n\n\n<p>Esto ocurri\u00f3 la ma\u00f1ana de este jueves 3 de noviembre para presuntamente contribuir a una pronta soluci\u00f3n del problema en esa facultad y que fuesen atendidas las demandas estudiantiles.<\/p>\n\n\n\n<p>En una carta dirigida al rector de la UV, Mart\u00edn Aguilar S\u00e1nchez, la doctora Figueroa V\u00e1zquez dese\u00f3 que se restablezca el tejido social de esa entidad acad\u00e9mica, justificando que estaba roto desde antes del inicio de su gesti\u00f3n.<\/p>\n\n\n\n<p>\u201cFigueroa V\u00e1zquez espera que los tiempos por venir permitan la recomposici\u00f3n del ambiente de la Facultad de Psicolog\u00eda, que contin\u00faen siendo congruentes los objetivos institucionales y se siga garantizando la calidad de la formaci\u00f3n de los nuevos profesionales\u201d, se lee en el bolet\u00edn de la UV.<\/p>\n\n\n\n<p>Cabe recordar que los alumnos han denunciado que siete experiencias educativas est\u00e1n sin profesor, afectando en promedio a 210 alumnos.<\/p>\n\n\n\n<p>Adem\u00e1s, existen dos plazas de docentes de tiempo completo que no han sidodesignadas y hay 170 estudiantes sin un plan de egreso acorde con sus trayectorias.<\/p>\n\n\n\n<p>\u201cDel total esperado de estudiantes que deben egresar, solo lo ha hecho el 60 por ciento\u201d, han expuesto los universitarios en su pliego petitorio.<\/p>\n\n\n\n<p>Los estudiantes tambi\u00e9n han protestaron debido a la no resoluci\u00f3n de quejas de violencia de g\u00e9nero y la falta de transparencia en procesos educativos, pues ha habido casos de acoso sexual y no se han aplicado sanciones contra los presuntos responsables.<\/p>\n","protected":false},"excerpt":{"rendered":"<p>Juan Arcos Xalapa, Ver.- Estudiantes de la Facultad de Psicolog\u00eda de la Universidad Veracruzana (UV) tomaron nuevamente sus instalaciones para exigir a las autoridades acad\u00e9micas la destituci\u00f3n de la directora Teresa Figueroa V\u00e1zquez, a quien se\u00f1alaron de haber sido omisa en sus funciones. Tras las constantes manifestaciones y marchas, la m\u00e1xima casa de estudios del [&hellip;]<\/p>\n","protected":false},"author":1,"featured_media":33336,"comment_status":"open","ping_status":"open","sticky":false,"template":"","format":"standard","meta":{"_jetpack_memberships_contains_paid_content":false,"footnotes":""},"categories":[3],"tags":[],"class_list":["post-33335","post","type-post","status-publish","format-standard","has-post-thumbnail","hentry","category-xalapa"],"jetpack_featured_media_url":"https:\/\/encuentroinformativo.com.mx\/wp-content\/uploads\/2022\/11\/CB993094-E66F-4251-B277-F899CC172178.jpeg","jetpack_sharing_enabled":true,"jetpack_likes_enabled":true,"amp_enabled":true,"_links":{"self":[{"href":"https:\/\/encuentroinformativo.com.mx\/index.php?rest_route=\/wp\/v2\/posts\/33335","targetHints":{"allow":["GET"]}}],"collection":[{"href":"https:\/\/encuentroinformativo.com.mx\/index.php?rest_route=\/wp\/v2\/posts"}],"about":[{"href":"https:\/\/encuentroinformativo.com.mx\/index.php?rest_route=\/wp\/v2\/types\/post"}],"author":[{"embeddable":true,"href":"https:\/\/encuentroinformativo.com.mx\/index.php?rest_route=\/wp\/v2\/users\/1"}],"replies":[{"embeddable":true,"href":"https:\/\/encuentroinformativo.com.mx\/index.php?rest_route=%2Fwp%2Fv2%2Fcomments&post=33335"}],"version-history":[{"count":1,"href":"https:\/\/encuentroinformativo.com.mx\/index.php?rest_route=\/wp\/v2\/posts\/33335\/revisions"}],"predecessor-version":[{"id":33337,"href":"https:\/\/encuentroinformativo.com.mx\/index.php?rest_route=\/wp\/v2\/posts\/33335\/revisions\/33337"}],"wp:featuredmedia":[{"embeddable":true,"href":"https:\/\/encuentroinformativo.com.mx\/index.php?rest_route=\/wp\/v2\/media\/33336"}],"wp:attachment":[{"href":"https:\/\/encuentroinformativo.com.mx\/index.php?rest_route=%2Fwp%2Fv2%2Fmedia&parent=33335"}],"wp:term":[{"taxonomy":"category","embeddable":true,"href":"https:\/\/encuentroinformativo.com.mx\/index.php?rest_route=%2Fwp%2Fv2%2Fcategories&post=33335"},{"taxonomy":"post_tag","embeddable":true,"href":"https:\/\/encuentroinformativo.com.mx\/index.php?rest_route=%2Fwp%2Fv2%2Ftags&post=33335"}],"curies":[{"name":"wp","href":"https:\/\/api.w.org\/{rel}","templated":true}]}}