{"id":33338,"date":"2022-11-03T15:27:12","date_gmt":"2022-11-03T21:27:12","guid":{"rendered":"https:\/\/encuentroinformativo.com.mx\/?p=33338"},"modified":"2022-11-03T15:27:16","modified_gmt":"2022-11-03T21:27:16","slug":"se-cumplira-con-aumento-a-maestros-gobernador","status":"publish","type":"post","link":"https:\/\/encuentroinformativo.com.mx\/?p=33338","title":{"rendered":"Se cumplir\u00e1 con aumento a maestros: Gobernador"},"content":{"rendered":"\n<p><strong>Dar\u00edo Pale <\/strong><\/p>\n\n\n\n<p>Xalapa, Ver.- El gobernador del estado Cuitl\u00e1huac Garc\u00eda Jim\u00e9nez prometi\u00f3 al magisterio gestionar un incremento el cual ser\u00e1 retroactivo, ya que reconoci\u00f3 que s\u00f3lo se les deposit\u00f3 el incremento para los maestros federalizados no para los estatales.<\/p>\n\n\n\n<p>En conferencia de prensa y luego de las diferentes manifestaciones por parte de los docentes, se comprometi\u00f3 a seguir gestionando los recursos correspondientes al incremento del 1, 2 y 3 por ciento para el magisterio estatal veracruzano.<\/p>\n\n\n\n<p>&#8220;Queremos hacer el compromiso de que vamos a seguir gestionando este recurso hasta conseguirlo y en el momento que se consiga se aplicar\u00e1 retroactivamente para que se pague desde la misma quincena en que se aplic\u00f3 al personal en n\u00f3mina federal&#8221;, coment\u00f3.<\/p>\n\n\n\n<p>Afirm\u00f3 que tanto los secretarios Zenyazen Escobar como Jos\u00e9 Luis Lima, de Educaci\u00f3n y Finanzas, respectivamente, junto con la Oficial Mayor, Selene Aguilar; han estado viajando a la Ciudad de M\u00e9xico a conseguir los recursos.<\/p>\n\n\n\n<p>&#8220;El d\u00eda de hoy queremos hacer p\u00fablico el compromiso con el magisterio estatal, decirles que vamos conseguir el recursos, vamos a gestionarlo y nos comprometemos a que ser\u00e1 una realidad&#8221;, se\u00f1al\u00f3.<\/p>\n\n\n\n<p>Aclar\u00f3 que el pago es variable porque se tiene que diferenciar entre administrativos y docentes, pero lo est\u00e1n &#8220;recalculando&#8221; para que sea de manera retroactiva, ya que record\u00f3 que el presidente Andr\u00e9s Manuel L\u00f3pez Obrador anunci\u00f3 un incremento al magisterio de 1, 2 y 3 por ciento.<\/p>\n\n\n\n<p>Explic\u00f3 que a su administraci\u00f3n se le deposit\u00f3 el incremento del magisterio federalizado, pero &#8220;nos quedamos esperando el dep\u00f3sito del magisterio estatal&#8221;.<\/p>\n\n\n\n<p>Desde ese momento advirtieron que Veracruz tiene una condici\u00f3n muy distinta a otros estados porque la confirmaci\u00f3n de su magisterio estatal es muy grande, ya que se trata de 51 mil trabajadores de la educaci\u00f3n, mientras que el federalizado es de 93 mil.<\/p>\n\n\n\n<p>&#8220;Entonces solicitamos que nos fuera depositada la parte estatal, pero es la fecha que no. Ya se empez\u00f3 a pagar la federal porque esa parte s\u00ed fue depositada&#8221;, inform\u00f3.<\/p>\n\n\n\n<p>Por \u00faltimo dio a conocer que, &#8220;nosotros quer\u00edamos aclarar esto a todo el personal educativo del Estado que est\u00e1 en la n\u00f3mina estatal porque no se nos ha depositado&#8221;.<\/p>\n","protected":false},"excerpt":{"rendered":"<p>Dar\u00edo Pale Xalapa, Ver.- El gobernador del estado Cuitl\u00e1huac Garc\u00eda Jim\u00e9nez prometi\u00f3 al magisterio gestionar un incremento el cual ser\u00e1 retroactivo, ya que reconoci\u00f3 que s\u00f3lo se les deposit\u00f3 el incremento para los maestros federalizados no para los estatales. En conferencia de prensa y luego de las diferentes manifestaciones por parte de los docentes, se [&hellip;]<\/p>\n","protected":false},"author":1,"featured_media":33339,"comment_status":"open","ping_status":"open","sticky":false,"template":"","format":"standard","meta":{"_jetpack_memberships_contains_paid_content":false,"footnotes":""},"categories":[2],"tags":[],"class_list":["post-33338","post","type-post","status-publish","format-standard","has-post-thumbnail","hentry","category-estado"],"jetpack_featured_media_url":"https:\/\/encuentroinformativo.com.mx\/wp-content\/uploads\/2022\/11\/C9FF2202-B76C-4AF0-9057-F120F8330459.jpeg","jetpack_sharing_enabled":true,"jetpack_likes_enabled":true,"amp_enabled":true,"_links":{"self":[{"href":"https:\/\/encuentroinformativo.com.mx\/index.php?rest_route=\/wp\/v2\/posts\/33338","targetHints":{"allow":["GET"]}}],"collection":[{"href":"https:\/\/encuentroinformativo.com.mx\/index.php?rest_route=\/wp\/v2\/posts"}],"about":[{"href":"https:\/\/encuentroinformativo.com.mx\/index.php?rest_route=\/wp\/v2\/types\/post"}],"author":[{"embeddable":true,"href":"https:\/\/encuentroinformativo.com.mx\/index.php?rest_route=\/wp\/v2\/users\/1"}],"replies":[{"embeddable":true,"href":"https:\/\/encuentroinformativo.com.mx\/index.php?rest_route=%2Fwp%2Fv2%2Fcomments&post=33338"}],"version-history":[{"count":1,"href":"https:\/\/encuentroinformativo.com.mx\/index.php?rest_route=\/wp\/v2\/posts\/33338\/revisions"}],"predecessor-version":[{"id":33340,"href":"https:\/\/encuentroinformativo.com.mx\/index.php?rest_route=\/wp\/v2\/posts\/33338\/revisions\/33340"}],"wp:featuredmedia":[{"embeddable":true,"href":"https:\/\/encuentroinformativo.com.mx\/index.php?rest_route=\/wp\/v2\/media\/33339"}],"wp:attachment":[{"href":"https:\/\/encuentroinformativo.com.mx\/index.php?rest_route=%2Fwp%2Fv2%2Fmedia&parent=33338"}],"wp:term":[{"taxonomy":"category","embeddable":true,"href":"https:\/\/encuentroinformativo.com.mx\/index.php?rest_route=%2Fwp%2Fv2%2Fcategories&post=33338"},{"taxonomy":"post_tag","embeddable":true,"href":"https:\/\/encuentroinformativo.com.mx\/index.php?rest_route=%2Fwp%2Fv2%2Ftags&post=33338"}],"curies":[{"name":"wp","href":"https:\/\/api.w.org\/{rel}","templated":true}]}}