{"id":33346,"date":"2022-11-04T11:43:31","date_gmt":"2022-11-04T17:43:31","guid":{"rendered":"https:\/\/encuentroinformativo.com.mx\/?p=33346"},"modified":"2022-11-04T11:43:35","modified_gmt":"2022-11-04T17:43:35","slug":"persisten-reclamos-de-docentes-toman-escuelas","status":"publish","type":"post","link":"https:\/\/encuentroinformativo.com.mx\/?p=33346","title":{"rendered":"Persisten reclamos de docentes, toman escuelas"},"content":{"rendered":"\n<p><strong>Juan Arcos<\/strong><\/p>\n\n\n\n<p>Xalapa, Ver.- Docentes tomaron la escuela primaria \u201cRevoluci\u00f3n\u201d, en esta ciudad de Xalapa para exigir el pago del incremento salarial, del uno, dos y tres por ciento.<\/p>\n\n\n\n<p>Los profesores protestaron desde las seis y media de la ma\u00f1ana en este plantel, ubicado sobre la calle Revoluci\u00f3n, en la zona centro de la capital.<\/p>\n\n\n\n<p>Los trabajadores de la educaci\u00f3n se dijeron molestos porque las autoridades estatales s\u00f3lo les han dado largas y no han dado a conocer la fecha de pago.<\/p>\n\n\n\n<p>Estas acciones fueron replicadas en otras primarias estatales de la capital del estado, como \u201cManuel de Boza\u201d, \u201cAntonio Pe\u00f1afiel\u201d, \u201cBenito Ju\u00e1rez\u201d, \u201cJos\u00e9 Mar\u00eda Morelos y Pav\u00f3n\u201d y \u201cLuz Mar\u00eda Serradel\u201d.<\/p>\n\n\n\n<p>Los acad\u00e9micos de la escuela \u201cRevoluci\u00f3n\u201d mencionaron de manera an\u00f3nima que en paro de labores se llevar\u00eda a cabo de forma indefinida hasta que sean liberados los recursos econ\u00f3micos.<\/p>\n\n\n\n<p>Cabe recordar que los docentes federales ya les pagaron dicho concepto; sin embargo, adeudan 400 millones de pesos a todos los profesores del sistema educativo estatal.<\/p>\n\n\n\n<p>\u201cNecesitamos que ya nos cumplan con el pago del retroactivo salarial y el incremento que est\u00e1 autorizado desde mayo de 2022 por el gobierno federal. Ya se le pag\u00f3 a todo el magisterio veracruzano de ese nivel pero a nivel estatal lo tienen retenido y nos avisado mes con mes que nos lo van a dar. Necesitamos que se tome seriedad y se otorguen los pagos\u201d, expresaron.<\/p>\n\n\n\n<p>Recordaron que desde el pasado lunes 31 de octubre iniciaron las protestas en escuelas y en oficinas de la Secretar\u00eda de Educaci\u00f3n de Veracruz (SEV), dependencia que fue tomada el d\u00eda de ayer jueves por los docentes.<\/p>\n\n\n\n<p>\u201cSe ventil\u00f3 a nivel federal que estaban cubiertos los pagos, que era un derecho y que se estaba autorizando para todo el magisterio mexicano y Veracruz es la excepci\u00f3n nuevamente\u201d, a\u00f1adieron.<\/p>\n\n\n\n<p>Los profesores del sistema estatal amagaron con seguir manifest\u00e1ndose en la entidad para que el gobierno de Veracruz cumpla con los pagos del incremento salarial.<\/p>\n\n\n\n<figure class=\"wp-block-image size-large\"><img loading=\"lazy\" decoding=\"async\" width=\"1024\" height=\"683\" src=\"https:\/\/encuentroinformativo.com.mx\/wp-content\/uploads\/2022\/11\/4A1F9E6F-4F1B-4DC9-9BDE-287A494FAFAA-1024x683.jpeg\" alt=\"\" class=\"wp-image-33348\" srcset=\"https:\/\/encuentroinformativo.com.mx\/wp-content\/uploads\/2022\/11\/4A1F9E6F-4F1B-4DC9-9BDE-287A494FAFAA-1024x683.jpeg 1024w, https:\/\/encuentroinformativo.com.mx\/wp-content\/uploads\/2022\/11\/4A1F9E6F-4F1B-4DC9-9BDE-287A494FAFAA-300x200.jpeg 300w, https:\/\/encuentroinformativo.com.mx\/wp-content\/uploads\/2022\/11\/4A1F9E6F-4F1B-4DC9-9BDE-287A494FAFAA-768x512.jpeg 768w, https:\/\/encuentroinformativo.com.mx\/wp-content\/uploads\/2022\/11\/4A1F9E6F-4F1B-4DC9-9BDE-287A494FAFAA.jpeg 1488w\" sizes=\"auto, (max-width: 1024px) 100vw, 1024px\" \/><\/figure>\n\n\n\n<figure class=\"wp-block-image size-large\"><img loading=\"lazy\" decoding=\"async\" width=\"1024\" height=\"683\" src=\"https:\/\/encuentroinformativo.com.mx\/wp-content\/uploads\/2022\/11\/DB3F2253-FEBD-486A-88D9-5EF2EC8834FA-1024x683.jpeg\" alt=\"\" class=\"wp-image-33349\" srcset=\"https:\/\/encuentroinformativo.com.mx\/wp-content\/uploads\/2022\/11\/DB3F2253-FEBD-486A-88D9-5EF2EC8834FA-1024x683.jpeg 1024w, https:\/\/encuentroinformativo.com.mx\/wp-content\/uploads\/2022\/11\/DB3F2253-FEBD-486A-88D9-5EF2EC8834FA-300x200.jpeg 300w, https:\/\/encuentroinformativo.com.mx\/wp-content\/uploads\/2022\/11\/DB3F2253-FEBD-486A-88D9-5EF2EC8834FA-768x512.jpeg 768w, https:\/\/encuentroinformativo.com.mx\/wp-content\/uploads\/2022\/11\/DB3F2253-FEBD-486A-88D9-5EF2EC8834FA.jpeg 1488w\" sizes=\"auto, (max-width: 1024px) 100vw, 1024px\" \/><\/figure>\n","protected":false},"excerpt":{"rendered":"<p>Juan Arcos Xalapa, Ver.- Docentes tomaron la escuela primaria \u201cRevoluci\u00f3n\u201d, en esta ciudad de Xalapa para exigir el pago del incremento salarial, del uno, dos y tres por ciento. Los profesores protestaron desde las seis y media de la ma\u00f1ana en este plantel, ubicado sobre la calle Revoluci\u00f3n, en la zona centro de la capital. [&hellip;]<\/p>\n","protected":false},"author":1,"featured_media":33347,"comment_status":"open","ping_status":"open","sticky":false,"template":"","format":"standard","meta":{"_jetpack_memberships_contains_paid_content":false,"footnotes":""},"categories":[3],"tags":[],"class_list":["post-33346","post","type-post","status-publish","format-standard","has-post-thumbnail","hentry","category-xalapa"],"jetpack_featured_media_url":"https:\/\/encuentroinformativo.com.mx\/wp-content\/uploads\/2022\/11\/912E1EEB-1865-4269-80A2-CA93A96E79D2.jpeg","jetpack_sharing_enabled":true,"jetpack_likes_enabled":true,"amp_enabled":true,"_links":{"self":[{"href":"https:\/\/encuentroinformativo.com.mx\/index.php?rest_route=\/wp\/v2\/posts\/33346","targetHints":{"allow":["GET"]}}],"collection":[{"href":"https:\/\/encuentroinformativo.com.mx\/index.php?rest_route=\/wp\/v2\/posts"}],"about":[{"href":"https:\/\/encuentroinformativo.com.mx\/index.php?rest_route=\/wp\/v2\/types\/post"}],"author":[{"embeddable":true,"href":"https:\/\/encuentroinformativo.com.mx\/index.php?rest_route=\/wp\/v2\/users\/1"}],"replies":[{"embeddable":true,"href":"https:\/\/encuentroinformativo.com.mx\/index.php?rest_route=%2Fwp%2Fv2%2Fcomments&post=33346"}],"version-history":[{"count":1,"href":"https:\/\/encuentroinformativo.com.mx\/index.php?rest_route=\/wp\/v2\/posts\/33346\/revisions"}],"predecessor-version":[{"id":33350,"href":"https:\/\/encuentroinformativo.com.mx\/index.php?rest_route=\/wp\/v2\/posts\/33346\/revisions\/33350"}],"wp:featuredmedia":[{"embeddable":true,"href":"https:\/\/encuentroinformativo.com.mx\/index.php?rest_route=\/wp\/v2\/media\/33347"}],"wp:attachment":[{"href":"https:\/\/encuentroinformativo.com.mx\/index.php?rest_route=%2Fwp%2Fv2%2Fmedia&parent=33346"}],"wp:term":[{"taxonomy":"category","embeddable":true,"href":"https:\/\/encuentroinformativo.com.mx\/index.php?rest_route=%2Fwp%2Fv2%2Fcategories&post=33346"},{"taxonomy":"post_tag","embeddable":true,"href":"https:\/\/encuentroinformativo.com.mx\/index.php?rest_route=%2Fwp%2Fv2%2Ftags&post=33346"}],"curies":[{"name":"wp","href":"https:\/\/api.w.org\/{rel}","templated":true}]}}