{"id":33351,"date":"2022-11-04T12:28:36","date_gmt":"2022-11-04T18:28:36","guid":{"rendered":"https:\/\/encuentroinformativo.com.mx\/?p=33351"},"modified":"2022-11-04T12:28:39","modified_gmt":"2022-11-04T18:28:39","slug":"no-confiamos-en-autoridades-maestros","status":"publish","type":"post","link":"https:\/\/encuentroinformativo.com.mx\/?p=33351","title":{"rendered":"No confiamos en autoridades: Maestros"},"content":{"rendered":"\n<p><strong>Dar\u00edo Pale<\/strong><\/p>\n\n\n\n<p>Xalapa, Ver.- El profesor Mart\u00edn Delgado del jard\u00edn de ni\u00f1os &#8220;Jos\u00e9 Mar\u00eda Morelos y Pav\u00f3n&#8221; dio a conocer que la toma de dicho plantel se debe a la exigencia del pago de incremento salarial del 1, 2, y 3 por ciento que no se les ha pagado.<\/p>\n\n\n\n<p>En entrevista dio a conocer que a invitaci\u00f3n de otros compa\u00f1eros quienes sin siglas sindicales est\u00e1n exigiendo el pago del incremento salarial del 1, 2 y 3 por ciento el cual est\u00e1 autorizado desde Mayo del presente a\u00f1o y hasta el momento no se les ha dado.<\/p>\n\n\n\n<p>Se\u00f1al\u00f3 que pese a que el gobernador les solicit\u00f3 paciencia, esperan que el pago se les de lo m\u00e1s pronto posible, ya que est\u00e1n solicitando que se les de de manera inmediata.<\/p>\n\n\n\n<p>Coment\u00f3 que la solicitud que les hace el gobernador ya la han vivido en a\u00f1os anteriores las promesas de gobierno y los discursos pol\u00edticos que hacen donde les dicen que les van a pagar pero lo hacen cuando quieren y como quieren, pero esperan que esto se de lo m\u00e1s pronto posible.<\/p>\n\n\n\n<p>En un di\u00e1logo con sus compa\u00f1eros y compa\u00f1eras sin siglas sindicales est\u00e1n viendo que el d\u00eda de ma\u00f1ana realizar\u00e1n un plant\u00f3n en la plaza Lerdo despu\u00e9s de las 10 de la ma\u00f1ana donde convocar\u00e1n a todos los maestros para que se unan ya que ser\u00e1 un beneficio para todos.<\/p>\n\n\n\n<p>Esperan que asistan cuando menos todos los docentes de la capital del estado y posiblemente algunos de otros lados, para exigir el pago de los adeudos de la SEV con los maestros del estado.<\/p>\n\n\n\n<p>Finalmente cabe se\u00f1alar que tambi\u00e9n por esta misma situaci\u00f3n se encuentra tomada la escuela primaria &#8220;Antonio Pe\u00f1afiel&#8221; de la avenida Adolfo Ru\u00edz Cortines al igual que la escuela Primaria &#8220;Centro Escolar Revoluci\u00f3n&#8221; en la capital del estado.<\/p>\n","protected":false},"excerpt":{"rendered":"<p>Dar\u00edo Pale Xalapa, Ver.- El profesor Mart\u00edn Delgado del jard\u00edn de ni\u00f1os &#8220;Jos\u00e9 Mar\u00eda Morelos y Pav\u00f3n&#8221; dio a conocer que la toma de dicho plantel se debe a la exigencia del pago de incremento salarial del 1, 2, y 3 por ciento que no se les ha pagado. En entrevista dio a conocer que [&hellip;]<\/p>\n","protected":false},"author":1,"featured_media":33352,"comment_status":"open","ping_status":"open","sticky":false,"template":"","format":"standard","meta":{"_jetpack_memberships_contains_paid_content":false,"footnotes":""},"categories":[3],"tags":[],"class_list":["post-33351","post","type-post","status-publish","format-standard","has-post-thumbnail","hentry","category-xalapa"],"jetpack_featured_media_url":"https:\/\/encuentroinformativo.com.mx\/wp-content\/uploads\/2022\/11\/C6ABC550-C6F5-4D0E-A092-CD2A31324085.jpeg","jetpack_sharing_enabled":true,"jetpack_likes_enabled":true,"amp_enabled":true,"_links":{"self":[{"href":"https:\/\/encuentroinformativo.com.mx\/index.php?rest_route=\/wp\/v2\/posts\/33351","targetHints":{"allow":["GET"]}}],"collection":[{"href":"https:\/\/encuentroinformativo.com.mx\/index.php?rest_route=\/wp\/v2\/posts"}],"about":[{"href":"https:\/\/encuentroinformativo.com.mx\/index.php?rest_route=\/wp\/v2\/types\/post"}],"author":[{"embeddable":true,"href":"https:\/\/encuentroinformativo.com.mx\/index.php?rest_route=\/wp\/v2\/users\/1"}],"replies":[{"embeddable":true,"href":"https:\/\/encuentroinformativo.com.mx\/index.php?rest_route=%2Fwp%2Fv2%2Fcomments&post=33351"}],"version-history":[{"count":1,"href":"https:\/\/encuentroinformativo.com.mx\/index.php?rest_route=\/wp\/v2\/posts\/33351\/revisions"}],"predecessor-version":[{"id":33353,"href":"https:\/\/encuentroinformativo.com.mx\/index.php?rest_route=\/wp\/v2\/posts\/33351\/revisions\/33353"}],"wp:featuredmedia":[{"embeddable":true,"href":"https:\/\/encuentroinformativo.com.mx\/index.php?rest_route=\/wp\/v2\/media\/33352"}],"wp:attachment":[{"href":"https:\/\/encuentroinformativo.com.mx\/index.php?rest_route=%2Fwp%2Fv2%2Fmedia&parent=33351"}],"wp:term":[{"taxonomy":"category","embeddable":true,"href":"https:\/\/encuentroinformativo.com.mx\/index.php?rest_route=%2Fwp%2Fv2%2Fcategories&post=33351"},{"taxonomy":"post_tag","embeddable":true,"href":"https:\/\/encuentroinformativo.com.mx\/index.php?rest_route=%2Fwp%2Fv2%2Ftags&post=33351"}],"curies":[{"name":"wp","href":"https:\/\/api.w.org\/{rel}","templated":true}]}}