{"id":33357,"date":"2022-11-04T13:35:12","date_gmt":"2022-11-04T19:35:12","guid":{"rendered":"https:\/\/encuentroinformativo.com.mx\/?p=33357"},"modified":"2022-11-04T13:35:17","modified_gmt":"2022-11-04T19:35:17","slug":"lluvias-por-lisa-dejan-afectaciones-en-el-sur","status":"publish","type":"post","link":"https:\/\/encuentroinformativo.com.mx\/?p=33357","title":{"rendered":"Lluvias por Lisa dejan afectaciones en el sur"},"content":{"rendered":"\n<p><strong>Dar\u00edo Pale <\/strong><\/p>\n\n\n\n<p>Xalapa, Ver.- Durante estos \u00faltimos tres d\u00edas el hurac\u00e1n <em>Lisa<\/em> ha dejado precipitaciones acumuladas por el orden de los 300 mm en la presa de La Cangrejera, as\u00ed como \u00a0315 mm en Molocac\u00e1n y 261 mm en el municipio de Las Choapas, as\u00ed lo inform\u00f3 la jefa del departamento de Hidrometeorolog\u00eda de la Comisi\u00f3n Nacional del Agua (CONAGUA), Jessica Luna Lagunes.<\/p>\n\n\n\n<p>En conferencia de prensa se\u00f1al\u00f3 que lo anterior dej\u00f3 afectaciones en el sur de Veracruz, &#8220;esto nos indica que en estos tres d\u00edas de noviembre la precipitaci\u00f3n en esa zona de Los Tuxtlas, la parte baja del Coatzacoalcos y la parte del Tonal\u00e1, tenemos lluvias por arriba de lo normal, sin embargo, todav\u00eda faltan bastantes d\u00edas para que termine noviembre&#8221;.<\/p>\n\n\n\n<p>Dio a conocer que las lluvias se concentraron en poco tiempo y por eso ha habido afectaciones, por lo que las bandas nubosas de Lisa han ocasionado lluvias importantes, sobre todo en la parte baja de la cuenca del Papaloapan, en Los Tuxtla, la parte baja del Coatzacoalcos y en el Tonal\u00e1.<\/p>\n\n\n\n<p>El d\u00eda de ayer jueves hubo acumulados por arriba de los 200 mm en la zona de Coatzacoalcos y la presa Cangrejera, que ocasion\u00f3 que el r\u00edo Agua Dulce desbordara durante la madrugada.<\/p>\n\n\n\n<p>Detall\u00f3 que se tuvo una escala de 7.20 metros, pero para la ma\u00f1ana de este viernes ya est\u00e1 por debajo de su nivel de desbordamiento al ser un r\u00edo de respuesta r\u00e1pida, por lo que derivado de ello, hubo afectaciones en los municipios de Molocac\u00e1n, en Los Tuxtlas, pero ya todo est\u00e1 dentro de la normalidad para la ma\u00f1ana de este d\u00eda.<\/p>\n\n\n\n<p>En otro orden de ideas, Jessica Luna dio a conocer que desde el inicio del 2022 ha habido un d\u00e9ficit de lluvias, por lo que este es el segundo a\u00f1o m\u00e1s seco desde 1981.<\/p>\n\n\n\n<p>Hay un acumulado de lluvias de mil 419 mm con corte al 2 de noviembre, lo que representa el 71.9 por ciento lo que ha llovido desde el inicio del a\u00f1o a la fecha.<\/p>\n\n\n\n<p>Finalmente dio a conocer que desde el 2019 a la fecha han sido a\u00f1os con d\u00e9ficit de lluvias y en ese sentido, refiri\u00f3 que con base en el monitor de sequ\u00edas hay muchos municipios con sequ\u00eda, especialmente los de la zona norte.<\/p>\n","protected":false},"excerpt":{"rendered":"<p>Dar\u00edo Pale Xalapa, Ver.- Durante estos \u00faltimos tres d\u00edas el hurac\u00e1n Lisa ha dejado precipitaciones acumuladas por el orden de los 300 mm en la presa de La Cangrejera, as\u00ed como \u00a0315 mm en Molocac\u00e1n y 261 mm en el municipio de Las Choapas, as\u00ed lo inform\u00f3 la jefa del departamento de Hidrometeorolog\u00eda de la [&hellip;]<\/p>\n","protected":false},"author":1,"featured_media":33358,"comment_status":"open","ping_status":"open","sticky":false,"template":"","format":"standard","meta":{"_jetpack_memberships_contains_paid_content":false,"footnotes":""},"categories":[2],"tags":[],"class_list":["post-33357","post","type-post","status-publish","format-standard","has-post-thumbnail","hentry","category-estado"],"jetpack_featured_media_url":"https:\/\/encuentroinformativo.com.mx\/wp-content\/uploads\/2022\/11\/1C5F85D1-4872-443E-974F-1AB332ACE3B5.jpeg","jetpack_sharing_enabled":true,"jetpack_likes_enabled":true,"amp_enabled":true,"_links":{"self":[{"href":"https:\/\/encuentroinformativo.com.mx\/index.php?rest_route=\/wp\/v2\/posts\/33357","targetHints":{"allow":["GET"]}}],"collection":[{"href":"https:\/\/encuentroinformativo.com.mx\/index.php?rest_route=\/wp\/v2\/posts"}],"about":[{"href":"https:\/\/encuentroinformativo.com.mx\/index.php?rest_route=\/wp\/v2\/types\/post"}],"author":[{"embeddable":true,"href":"https:\/\/encuentroinformativo.com.mx\/index.php?rest_route=\/wp\/v2\/users\/1"}],"replies":[{"embeddable":true,"href":"https:\/\/encuentroinformativo.com.mx\/index.php?rest_route=%2Fwp%2Fv2%2Fcomments&post=33357"}],"version-history":[{"count":1,"href":"https:\/\/encuentroinformativo.com.mx\/index.php?rest_route=\/wp\/v2\/posts\/33357\/revisions"}],"predecessor-version":[{"id":33359,"href":"https:\/\/encuentroinformativo.com.mx\/index.php?rest_route=\/wp\/v2\/posts\/33357\/revisions\/33359"}],"wp:featuredmedia":[{"embeddable":true,"href":"https:\/\/encuentroinformativo.com.mx\/index.php?rest_route=\/wp\/v2\/media\/33358"}],"wp:attachment":[{"href":"https:\/\/encuentroinformativo.com.mx\/index.php?rest_route=%2Fwp%2Fv2%2Fmedia&parent=33357"}],"wp:term":[{"taxonomy":"category","embeddable":true,"href":"https:\/\/encuentroinformativo.com.mx\/index.php?rest_route=%2Fwp%2Fv2%2Fcategories&post=33357"},{"taxonomy":"post_tag","embeddable":true,"href":"https:\/\/encuentroinformativo.com.mx\/index.php?rest_route=%2Fwp%2Fv2%2Ftags&post=33357"}],"curies":[{"name":"wp","href":"https:\/\/api.w.org\/{rel}","templated":true}]}}