{"id":33363,"date":"2022-11-04T19:47:02","date_gmt":"2022-11-05T01:47:02","guid":{"rendered":"https:\/\/encuentroinformativo.com.mx\/?p=33363"},"modified":"2022-11-04T19:47:06","modified_gmt":"2022-11-05T01:47:06","slug":"mi-administracion-brinda-atencion-integral-a-xalapenos-ahued","status":"publish","type":"post","link":"https:\/\/encuentroinformativo.com.mx\/?p=33363","title":{"rendered":"Mi administraci\u00f3n brinda atenci\u00f3n integral a xalape\u00f1os: Ahued"},"content":{"rendered":"\n<p><strong>*Habr\u00e1 conexi\u00f3n de agua y mantenimiento comunitario en \u00e1reas verdes de colonias no municipalizadas.<\/strong><\/p>\n\n\n\n<p>Xalapa, Ver.- En Jornada de Audiencia Ciudadana, el presidente municipal Ricardo Ahued Bardahuil recibi\u00f3 a representantes de distintas colonias, a quienes asegur\u00f3 que su Administraci\u00f3n se encuentra ocupada en brindar atenci\u00f3n integral para todas y todos los habitantes de Xalapa.<\/p>\n\n\n\n<p>En la Sala Ex Presidentes, el Edil afirm\u00f3 que con jornadas de reforestaci\u00f3n y faenas comunitarias, la autoridad une esfuerzos con la sociedad para mejorar las condiciones de vida y convivencia de las familias en espacios p\u00fablicos, aun cuando estos no se encuentren municipalizados.<\/p>\n\n\n\n<p>Reiter\u00f3 que seg\u00fan lo acordado por el \u00d3rgano de Gobierno de la Comisi\u00f3n Municipal de Agua Potable y Saneamiento (CMAS), se encuentra resuelto el tema legal para dotar de agua a viviendas que no cuenten con t\u00edtulo de propiedad, siempre y cuando se encuentren habitadas, esto como una forma de atender un Derecho Humano fundamental, como es el acceso a este l\u00edquido.<\/p>\n\n\n\n<p>Asistieron el regidor Daniel Fern\u00e1ndez Carri\u00f3n; la directora de Medio Ambiente, Ana Isabel Guevara Escobar; los directores de Participaci\u00f3n Ciudadana, Juan Mar\u00edn Viveros y de Limpia P\u00fablica, Juan Carlos Ortega, as\u00ed como funcionariado municipal.<\/p>\n","protected":false},"excerpt":{"rendered":"<p>*Habr\u00e1 conexi\u00f3n de agua y mantenimiento comunitario en \u00e1reas verdes de colonias no municipalizadas. Xalapa, Ver.- En Jornada de Audiencia Ciudadana, el presidente municipal Ricardo Ahued Bardahuil recibi\u00f3 a representantes de distintas colonias, a quienes asegur\u00f3 que su Administraci\u00f3n se encuentra ocupada en brindar atenci\u00f3n integral para todas y todos los habitantes de Xalapa. En [&hellip;]<\/p>\n","protected":false},"author":1,"featured_media":33364,"comment_status":"open","ping_status":"open","sticky":false,"template":"","format":"standard","meta":{"_jetpack_memberships_contains_paid_content":false,"footnotes":""},"categories":[3],"tags":[],"class_list":["post-33363","post","type-post","status-publish","format-standard","has-post-thumbnail","hentry","category-xalapa"],"jetpack_featured_media_url":"https:\/\/encuentroinformativo.com.mx\/wp-content\/uploads\/2022\/11\/4186B00A-76BA-4758-8F37-8E5C5B3F3177.jpeg","jetpack_sharing_enabled":true,"jetpack_likes_enabled":true,"amp_enabled":true,"_links":{"self":[{"href":"https:\/\/encuentroinformativo.com.mx\/index.php?rest_route=\/wp\/v2\/posts\/33363","targetHints":{"allow":["GET"]}}],"collection":[{"href":"https:\/\/encuentroinformativo.com.mx\/index.php?rest_route=\/wp\/v2\/posts"}],"about":[{"href":"https:\/\/encuentroinformativo.com.mx\/index.php?rest_route=\/wp\/v2\/types\/post"}],"author":[{"embeddable":true,"href":"https:\/\/encuentroinformativo.com.mx\/index.php?rest_route=\/wp\/v2\/users\/1"}],"replies":[{"embeddable":true,"href":"https:\/\/encuentroinformativo.com.mx\/index.php?rest_route=%2Fwp%2Fv2%2Fcomments&post=33363"}],"version-history":[{"count":1,"href":"https:\/\/encuentroinformativo.com.mx\/index.php?rest_route=\/wp\/v2\/posts\/33363\/revisions"}],"predecessor-version":[{"id":33365,"href":"https:\/\/encuentroinformativo.com.mx\/index.php?rest_route=\/wp\/v2\/posts\/33363\/revisions\/33365"}],"wp:featuredmedia":[{"embeddable":true,"href":"https:\/\/encuentroinformativo.com.mx\/index.php?rest_route=\/wp\/v2\/media\/33364"}],"wp:attachment":[{"href":"https:\/\/encuentroinformativo.com.mx\/index.php?rest_route=%2Fwp%2Fv2%2Fmedia&parent=33363"}],"wp:term":[{"taxonomy":"category","embeddable":true,"href":"https:\/\/encuentroinformativo.com.mx\/index.php?rest_route=%2Fwp%2Fv2%2Fcategories&post=33363"},{"taxonomy":"post_tag","embeddable":true,"href":"https:\/\/encuentroinformativo.com.mx\/index.php?rest_route=%2Fwp%2Fv2%2Ftags&post=33363"}],"curies":[{"name":"wp","href":"https:\/\/api.w.org\/{rel}","templated":true}]}}