{"id":33366,"date":"2022-11-04T19:57:40","date_gmt":"2022-11-05T01:57:40","guid":{"rendered":"https:\/\/encuentroinformativo.com.mx\/?p=33366"},"modified":"2022-11-04T19:57:44","modified_gmt":"2022-11-05T01:57:44","slug":"trabajamos-para-garantizar-que-todas-las-personas-ejerzan-sus-derechos-a-plenitud-alcalde-jm-unanue","status":"publish","type":"post","link":"https:\/\/encuentroinformativo.com.mx\/?p=33366","title":{"rendered":"Trabajamos para garantizar que todas las personas ejerzan sus derechos a plenitud: Alcalde JM Un\u00e1nue"},"content":{"rendered":"\n<p><strong>*<em>El Alcalde dio la bienvenida a las y los participantes del Foro \u201cLos Derechos Pol\u00edtico-Electorales de las Mujeres Migrantes\u201d organizado por el TEPJF<\/em>.<\/strong><\/p>\n\n\n\n<p>Boca del R\u00edo, Ver.- En Boca del R\u00edo cuentan con un gobierno aliado, donde el trabajo permanente busca transversalizar nuestras pol\u00edticas para que la perspectiva de g\u00e9nero logre un cambio sustancial en el desarrollo de las personas, expres\u00f3 el Alcalde Juan Manuel Un\u00e1nue Abascal, en el Foro \u201cLos Derechos Pol\u00edtico-Electorales de las Mujeres Migrantes\u201d.<\/p>\n\n\n\n<p>El intercambio de ideas fue organizado por el Tribunal Electoral del Poder Judicial de la Federaci\u00f3n (TEPJF), que cont\u00f3 con la representaci\u00f3n de la Magistrada M\u00f3nica Aral\u00ed Soto Fregoso, integrante del Pleno de la Sala Superior; en colaboraci\u00f3n con la Sala Regional Xalapa, que preside la Magistrada Eva Barrientos Zepeda.<\/p>\n\n\n\n<p>\u201cIndependientemente de los esfuerzos que realizamos como gobierno municipal para garantizar una vida libre de violencia para las mujeres y ni\u00f1as, lo que necesitamos promover son discusiones m\u00e1s profundas, como los mecanismos de justicia inclusiva\u201d, destac\u00f3 el Presidente Municipal.<\/p>\n\n\n\n<p>En dicho evento estuvo presente la Alcaldesa de Veracruz, Patricia Lobeira Rodr\u00edguez, donde Un\u00e1nue Abascal subray\u00f3 que el desarrollo de este ejercicio en el Foro Boca, es muestra de la importancia que para la ciudad tienen las discusiones de la esfera p\u00fablica.<\/p>\n\n\n\n<p>En su mensaje, el edil anfitri\u00f3n, enfatiz\u00f3 que, en el municipio, se refuerza el compromiso, cualquier persona, independientemente de d\u00f3nde provenga o d\u00f3nde viva, se trabaja diariamente para garantizar que todas las personas ejerzan y disfruten de sus derechos a plenitud.<\/p>\n\n\n\n<p>Coment\u00f3 que, en el proceso migratorio, anteriormente las mujeres ten\u00edan una posici\u00f3n pasiva, contrario a la actualidad donde mujeres no s\u00f3lo es producto del proceso de reunificaci\u00f3n familiar condicionada por la migraci\u00f3n de los hombres, sino que la mujer cada vez tiene un papel m\u00e1s activo y motivaciones diversas para migrar hacia otra ciudad o pa\u00eds.<\/p>\n\n\n\n<p>Finalmente, celebr\u00f3 el gran trabajo que realiza el Tribunal Electoral del Poder Judicial de la Federaci\u00f3n, quien cuenta con una visi\u00f3n de la justicia con perspectiva de g\u00e9nero interseccional.<\/p>\n\n\n\n<p>Dicho foro cont\u00f3 con la presencia de la Consejera Marisol Alicia Delgadillo Morales; Presidenta del OPLE Veracruz, adem\u00e1s del Magistrado Roberto Eduardo Sigala Aguilar; Presidente del Tribunal Electoral del estado de Veracruz.<\/p>\n\n\n\n<p>As\u00ed como, Carlos Enrique Escalante Igual; Director General de Atenci\u00f3n a Migrantes del Gobierno del estado de Veracruz, en representaci\u00f3n del Gobernador del estado de Veracruz, la Consejera Olga Viridiana Maciel S\u00e1nchez; Presidenta de la Asociaci\u00f3n Mexicana de Consejeras Estatales Electorales (AMCEE), Mtra. Luz del Carmen Montero Morales; Secretaria Ejecutiva del Instituto Veracruzano de las Mujeres; Magistrada Claudia D\u00edaz Tablada; representante de la Asociaci\u00f3n de Magistradas y Magistrados Electorales locales de los Estados Unidos Mexicanos (AMMEL) y Rosario Gayot Lara; integrante del Colectivo 50+1 Veracruz.<\/p>\n","protected":false},"excerpt":{"rendered":"<p>*El Alcalde dio la bienvenida a las y los participantes del Foro \u201cLos Derechos Pol\u00edtico-Electorales de las Mujeres Migrantes\u201d organizado por el TEPJF. Boca del R\u00edo, Ver.- En Boca del R\u00edo cuentan con un gobierno aliado, donde el trabajo permanente busca transversalizar nuestras pol\u00edticas para que la perspectiva de g\u00e9nero logre un cambio sustancial en [&hellip;]<\/p>\n","protected":false},"author":1,"featured_media":33367,"comment_status":"open","ping_status":"open","sticky":false,"template":"","format":"standard","meta":{"_jetpack_memberships_contains_paid_content":false,"footnotes":""},"categories":[2],"tags":[],"class_list":["post-33366","post","type-post","status-publish","format-standard","has-post-thumbnail","hentry","category-estado"],"jetpack_featured_media_url":"https:\/\/encuentroinformativo.com.mx\/wp-content\/uploads\/2022\/11\/FEE0573E-691A-4CA3-A28C-56E0A3FC3695.jpeg","jetpack_sharing_enabled":true,"jetpack_likes_enabled":true,"amp_enabled":true,"_links":{"self":[{"href":"https:\/\/encuentroinformativo.com.mx\/index.php?rest_route=\/wp\/v2\/posts\/33366","targetHints":{"allow":["GET"]}}],"collection":[{"href":"https:\/\/encuentroinformativo.com.mx\/index.php?rest_route=\/wp\/v2\/posts"}],"about":[{"href":"https:\/\/encuentroinformativo.com.mx\/index.php?rest_route=\/wp\/v2\/types\/post"}],"author":[{"embeddable":true,"href":"https:\/\/encuentroinformativo.com.mx\/index.php?rest_route=\/wp\/v2\/users\/1"}],"replies":[{"embeddable":true,"href":"https:\/\/encuentroinformativo.com.mx\/index.php?rest_route=%2Fwp%2Fv2%2Fcomments&post=33366"}],"version-history":[{"count":1,"href":"https:\/\/encuentroinformativo.com.mx\/index.php?rest_route=\/wp\/v2\/posts\/33366\/revisions"}],"predecessor-version":[{"id":33368,"href":"https:\/\/encuentroinformativo.com.mx\/index.php?rest_route=\/wp\/v2\/posts\/33366\/revisions\/33368"}],"wp:featuredmedia":[{"embeddable":true,"href":"https:\/\/encuentroinformativo.com.mx\/index.php?rest_route=\/wp\/v2\/media\/33367"}],"wp:attachment":[{"href":"https:\/\/encuentroinformativo.com.mx\/index.php?rest_route=%2Fwp%2Fv2%2Fmedia&parent=33366"}],"wp:term":[{"taxonomy":"category","embeddable":true,"href":"https:\/\/encuentroinformativo.com.mx\/index.php?rest_route=%2Fwp%2Fv2%2Fcategories&post=33366"},{"taxonomy":"post_tag","embeddable":true,"href":"https:\/\/encuentroinformativo.com.mx\/index.php?rest_route=%2Fwp%2Fv2%2Ftags&post=33366"}],"curies":[{"name":"wp","href":"https:\/\/api.w.org\/{rel}","templated":true}]}}