{"id":33371,"date":"2022-11-05T12:58:42","date_gmt":"2022-11-05T18:58:42","guid":{"rendered":"https:\/\/encuentroinformativo.com.mx\/?p=33371"},"modified":"2022-11-05T12:58:51","modified_gmt":"2022-11-05T18:58:51","slug":"docentes-mantienen-reclamos-piden-compromiso-por-escrito","status":"publish","type":"post","link":"https:\/\/encuentroinformativo.com.mx\/?p=33371","title":{"rendered":"Docentes mantienen reclamos; piden compromiso por escrito"},"content":{"rendered":"\n<p><strong>Dar\u00edo Pale<\/strong><\/p>\n\n\n\n<p>Xalapa, Ver.- Contin\u00faan las manifestaciones por parte de los maestros para exigir el pago del incremento del 1, 2 y 3 por ciento, por lo cual en esta ocasi\u00f3n se manifestaron en las escalinatas de la catedral metropolitana, donde denunciaron que han sido amenazados por diferentes autoridades.<\/p>\n\n\n\n<p>Entrevistada durante la manifestaci\u00f3n la maestra Virginia Sumuano Hern\u00e1ndez se\u00f1alo que est\u00e1n solicitando de manera respetuosa y amable al gobernador para que los atienda con el objetivo de que firmen un acuerdo con fecha y hora para ver cuando les pagar\u00edan el incremento.<\/p>\n\n\n\n<p>Pese a que les ha manifestado su disposici\u00f3n lo que est\u00e1n solicitando es que lo hagan de forma escrita para que tenga una mayor seriedad, adem\u00e1s le recordaron que quienes est\u00e1n atr\u00e1s del magisterio son madres y padres de familia por lo que est\u00e1n preocupados por la educaci\u00f3n de sus hijos.<\/p>\n\n\n\n<p>Por lo anterior van a tratar de acordar nuevas estrategias para trabajar m\u00e1s con los peque\u00f1os pero es importante que tambi\u00e9n sean respetados, ya que ahora que pas\u00f3 lo de la pandemia como docentes con recursos propios proporcionaron tambi\u00e9n algunas necesidades para continuar con las actividades educativas.<\/p>\n\n\n\n<p>&#8220;Hasta la fecha de hoy lo seguimos haciendo, estamos en la mejor voluntad de trabajar junto con el gobierno, sabemos que nosotros somos parte de un sistema y de la evoluci\u00f3n social,muero es importante que se le de el respeto al magisterio como tal&#8221;, se\u00f1al\u00f3.<\/p>\n\n\n\n<p>Esperan que el gobernador salga y platique con ellos ya que les han mandado autoridades de otros niveles a intimidarlos lo cual consideran que no son delincuentes si no servidores de la educaci\u00f3n y solo piden la misma atenci\u00f3n que han tenido con el gobierno.<\/p>\n\n\n\n<p>Coment\u00f3 que &#8220;el d\u00eda de ayer a preescolar asistieron algunas autoridades ah\u00ed despu\u00e9s de que ya se hab\u00eda levantado un acta, estuvieron junto de nosotros hasta inclusive mandarnos mensajes de que iban a tomar nombres siglas y los nombres de nosotros las personas y finalmente somos trabajadores&#8221;.<\/p>\n\n\n\n<p>Recalc\u00f3 que lo que est\u00e1n solicitando es que siempre sale un pago extra el cual siempre se los dan y quieren que no se involucre con los dem\u00e1s pagos normales porque se perder\u00eda la intenci\u00f3n del presidente de M\u00e9xico Andr\u00e9s Manuel L\u00f3pez Obrador que es darles ese incremento.<\/p>\n\n\n\n<p>Finalmente se\u00f1al\u00f3 que continuar\u00e1n con las tomas de los planteles educativos ya que afectan a todos los docentes estatales y recalc\u00f3 que no hay ninguna desinformaci\u00f3n ya que no hay alguna circular oficial que marque una fecha y hora de pago adem\u00e1s se est\u00e1n manifestando como el gobernador lo hizo antes de llegar a ser mandatario.<\/p>\n\n\n\n<figure class=\"wp-block-image size-large\"><img loading=\"lazy\" decoding=\"async\" width=\"1024\" height=\"768\" src=\"https:\/\/encuentroinformativo.com.mx\/wp-content\/uploads\/2022\/11\/424B9A28-BBBC-4BBB-B111-6EFEC40992BB-1024x768.jpeg\" alt=\"\" class=\"wp-image-33373\" srcset=\"https:\/\/encuentroinformativo.com.mx\/wp-content\/uploads\/2022\/11\/424B9A28-BBBC-4BBB-B111-6EFEC40992BB-1024x768.jpeg 1024w, https:\/\/encuentroinformativo.com.mx\/wp-content\/uploads\/2022\/11\/424B9A28-BBBC-4BBB-B111-6EFEC40992BB-300x225.jpeg 300w, https:\/\/encuentroinformativo.com.mx\/wp-content\/uploads\/2022\/11\/424B9A28-BBBC-4BBB-B111-6EFEC40992BB-768x576.jpeg 768w, https:\/\/encuentroinformativo.com.mx\/wp-content\/uploads\/2022\/11\/424B9A28-BBBC-4BBB-B111-6EFEC40992BB-1536x1152.jpeg 1536w, https:\/\/encuentroinformativo.com.mx\/wp-content\/uploads\/2022\/11\/424B9A28-BBBC-4BBB-B111-6EFEC40992BB.jpeg 1600w\" sizes=\"auto, (max-width: 1024px) 100vw, 1024px\" \/><\/figure>\n","protected":false},"excerpt":{"rendered":"<p>Dar\u00edo Pale Xalapa, Ver.- Contin\u00faan las manifestaciones por parte de los maestros para exigir el pago del incremento del 1, 2 y 3 por ciento, por lo cual en esta ocasi\u00f3n se manifestaron en las escalinatas de la catedral metropolitana, donde denunciaron que han sido amenazados por diferentes autoridades. Entrevistada durante la manifestaci\u00f3n la maestra [&hellip;]<\/p>\n","protected":false},"author":1,"featured_media":33372,"comment_status":"open","ping_status":"open","sticky":false,"template":"","format":"standard","meta":{"_jetpack_memberships_contains_paid_content":false,"footnotes":""},"categories":[3],"tags":[],"class_list":["post-33371","post","type-post","status-publish","format-standard","has-post-thumbnail","hentry","category-xalapa"],"jetpack_featured_media_url":"https:\/\/encuentroinformativo.com.mx\/wp-content\/uploads\/2022\/11\/F65E4257-9709-4165-853A-70C8506505D8.jpeg","jetpack_sharing_enabled":true,"jetpack_likes_enabled":true,"amp_enabled":true,"_links":{"self":[{"href":"https:\/\/encuentroinformativo.com.mx\/index.php?rest_route=\/wp\/v2\/posts\/33371","targetHints":{"allow":["GET"]}}],"collection":[{"href":"https:\/\/encuentroinformativo.com.mx\/index.php?rest_route=\/wp\/v2\/posts"}],"about":[{"href":"https:\/\/encuentroinformativo.com.mx\/index.php?rest_route=\/wp\/v2\/types\/post"}],"author":[{"embeddable":true,"href":"https:\/\/encuentroinformativo.com.mx\/index.php?rest_route=\/wp\/v2\/users\/1"}],"replies":[{"embeddable":true,"href":"https:\/\/encuentroinformativo.com.mx\/index.php?rest_route=%2Fwp%2Fv2%2Fcomments&post=33371"}],"version-history":[{"count":1,"href":"https:\/\/encuentroinformativo.com.mx\/index.php?rest_route=\/wp\/v2\/posts\/33371\/revisions"}],"predecessor-version":[{"id":33374,"href":"https:\/\/encuentroinformativo.com.mx\/index.php?rest_route=\/wp\/v2\/posts\/33371\/revisions\/33374"}],"wp:featuredmedia":[{"embeddable":true,"href":"https:\/\/encuentroinformativo.com.mx\/index.php?rest_route=\/wp\/v2\/media\/33372"}],"wp:attachment":[{"href":"https:\/\/encuentroinformativo.com.mx\/index.php?rest_route=%2Fwp%2Fv2%2Fmedia&parent=33371"}],"wp:term":[{"taxonomy":"category","embeddable":true,"href":"https:\/\/encuentroinformativo.com.mx\/index.php?rest_route=%2Fwp%2Fv2%2Fcategories&post=33371"},{"taxonomy":"post_tag","embeddable":true,"href":"https:\/\/encuentroinformativo.com.mx\/index.php?rest_route=%2Fwp%2Fv2%2Ftags&post=33371"}],"curies":[{"name":"wp","href":"https:\/\/api.w.org\/{rel}","templated":true}]}}