{"id":33384,"date":"2022-11-06T13:18:32","date_gmt":"2022-11-06T19:18:32","guid":{"rendered":"https:\/\/encuentroinformativo.com.mx\/?p=33384"},"modified":"2022-11-06T13:18:38","modified_gmt":"2022-11-06T19:18:38","slug":"llama-sindicato-a-no-tomar-escuelas-para-reclamar-aumento-salarial","status":"publish","type":"post","link":"https:\/\/encuentroinformativo.com.mx\/?p=33384","title":{"rendered":"Llama sindicato a no tomar escuelas para reclamar aumento salarial"},"content":{"rendered":"\n<p><strong>Juan Arcos<\/strong><\/p>\n\n\n\n<p>Xalapa, Ver.- Las autoridades educativas de Veracruz se comprometieron a pedir un pr\u00e9stamo de 700 millones de pesos para solventar el incremento salarial del uno, dos y tres por ciento para el personal docente y de apoyo a la educaci\u00f3n.<\/p>\n\n\n\n<p>As\u00ed lo dio a conocer la secretaria general del Sindicato de Trabajadores Unidos al Servicio de la Educaci\u00f3n de Veracruz (TUSEV), Alicia Gonz\u00e1lez Romero, quien sostuvo una reuni\u00f3n con el titular de la Secretar\u00eda de Educaci\u00f3n de Veracruz (SEV), Zenyazen Escobar Garc\u00eda.<\/p>\n\n\n\n<p>La entrevistada exhort\u00f3 al sector magisterial de la entidad a privilegiar el dialogo con las autoridades educativas para no perjudicar la ense\u00f1anza y no detener los procesos administrativos en curso.<\/p>\n\n\n\n<p>\u201cEl TUSEV est\u00e1 en la mejor disposici\u00f3n de mantener el di\u00e1logo. Estamos conscientes que este recurso no estaba previsto; sin embargo, ya es por mandato federal y se debe cumplir\u201d, expres\u00f3.<\/p>\n\n\n\n<p>Gonz\u00e1lez Romero pidi\u00f3 a todos los docentes a no participar en la toma de escuelas y supervisiones, pues con estas acciones solo se perjudica la ense\u00f1anza de los ni\u00f1os, quienes en su mayor\u00eda presentan un rezago por los dos a\u00f1os de pandemia del Sars-Cov2 (Covid-19).<\/p>\n\n\n\n<p>Adem\u00e1s, consider\u00f3 que las protestas y la toma de planteles educativos detendr\u00edan los procesos administrativos en beneficio de los profesores.<\/p>\n\n\n\n<p>En ese sentido, enfatiz\u00f3 que el TUSEV dar\u00e1 su voto de confianza hasta el 30 de noviembre para que el pago retroactivo de este bono sea aplicado a docentes, personal administrativo y de apoyo a la educaci\u00f3n.<\/p>\n\n\n\n<p>\u201cPor el momento sabemos que el pago no se realizar\u00e1 en los primeros quince d\u00edas de noviembre, porque apenas est\u00e1n gestionando el pr\u00e9stamo\u201d, a\u00f1adi\u00f3.<\/p>\n\n\n\n<p>Finalmente, destac\u00f3 que a partir de que el pago retroactivo sea dispersado, el incremento se ver\u00e1 reflejado de manera quincenal, por lo que la SEV tendr\u00e1 que contemplarlo en su partida presupuestal de 2023.<\/p>\n","protected":false},"excerpt":{"rendered":"<p>Juan Arcos Xalapa, Ver.- Las autoridades educativas de Veracruz se comprometieron a pedir un pr\u00e9stamo de 700 millones de pesos para solventar el incremento salarial del uno, dos y tres por ciento para el personal docente y de apoyo a la educaci\u00f3n. As\u00ed lo dio a conocer la secretaria general del Sindicato de Trabajadores Unidos [&hellip;]<\/p>\n","protected":false},"author":1,"featured_media":33385,"comment_status":"open","ping_status":"open","sticky":false,"template":"","format":"standard","meta":{"_jetpack_memberships_contains_paid_content":false,"footnotes":""},"categories":[3],"tags":[],"class_list":["post-33384","post","type-post","status-publish","format-standard","has-post-thumbnail","hentry","category-xalapa"],"jetpack_featured_media_url":"https:\/\/encuentroinformativo.com.mx\/wp-content\/uploads\/2022\/11\/6A474DC5-1D54-4013-B112-4C586D345420.jpeg","jetpack_sharing_enabled":true,"jetpack_likes_enabled":true,"amp_enabled":true,"_links":{"self":[{"href":"https:\/\/encuentroinformativo.com.mx\/index.php?rest_route=\/wp\/v2\/posts\/33384","targetHints":{"allow":["GET"]}}],"collection":[{"href":"https:\/\/encuentroinformativo.com.mx\/index.php?rest_route=\/wp\/v2\/posts"}],"about":[{"href":"https:\/\/encuentroinformativo.com.mx\/index.php?rest_route=\/wp\/v2\/types\/post"}],"author":[{"embeddable":true,"href":"https:\/\/encuentroinformativo.com.mx\/index.php?rest_route=\/wp\/v2\/users\/1"}],"replies":[{"embeddable":true,"href":"https:\/\/encuentroinformativo.com.mx\/index.php?rest_route=%2Fwp%2Fv2%2Fcomments&post=33384"}],"version-history":[{"count":1,"href":"https:\/\/encuentroinformativo.com.mx\/index.php?rest_route=\/wp\/v2\/posts\/33384\/revisions"}],"predecessor-version":[{"id":33386,"href":"https:\/\/encuentroinformativo.com.mx\/index.php?rest_route=\/wp\/v2\/posts\/33384\/revisions\/33386"}],"wp:featuredmedia":[{"embeddable":true,"href":"https:\/\/encuentroinformativo.com.mx\/index.php?rest_route=\/wp\/v2\/media\/33385"}],"wp:attachment":[{"href":"https:\/\/encuentroinformativo.com.mx\/index.php?rest_route=%2Fwp%2Fv2%2Fmedia&parent=33384"}],"wp:term":[{"taxonomy":"category","embeddable":true,"href":"https:\/\/encuentroinformativo.com.mx\/index.php?rest_route=%2Fwp%2Fv2%2Fcategories&post=33384"},{"taxonomy":"post_tag","embeddable":true,"href":"https:\/\/encuentroinformativo.com.mx\/index.php?rest_route=%2Fwp%2Fv2%2Ftags&post=33384"}],"curies":[{"name":"wp","href":"https:\/\/api.w.org\/{rel}","templated":true}]}}