{"id":33400,"date":"2022-11-07T11:04:52","date_gmt":"2022-11-07T17:04:52","guid":{"rendered":"https:\/\/encuentroinformativo.com.mx\/?p=33400"},"modified":"2022-11-07T11:04:55","modified_gmt":"2022-11-07T17:04:55","slug":"inician-jornada-de-vacunacion-de-refuerzo-para-menores","status":"publish","type":"post","link":"https:\/\/encuentroinformativo.com.mx\/?p=33400","title":{"rendered":"Inician jornada de vacunaci\u00f3n de refuerzo para menores"},"content":{"rendered":"\n<p><strong>Dar\u00edo Pale<\/strong><\/p>\n\n\n\n<p>Xalapa, Ver.- Hoy dio inicio la vacunaci\u00f3n de refuerzo a menores de 5 a 11 a\u00f1os en 77 municipios, solo faltan 30 para que concluyan con todo el estado, donde se habr\u00eda aplicado 13 millones 400 mil dosis.<\/p>\n\n\n\n<p>En conferencia de prensa el delegado de los programas del Bienestar en Veracruz Manuel Huerta Ladr\u00f3n de Guevara se\u00f1al\u00f3 que, este lunes inicia el refuerzo de la vacuna para los menores de 5 a 11 a\u00f1os de edad en 77 municipios, por lo que pr\u00e1cticamente est\u00e1 por concluir la vacunaci\u00f3n por la pandemia en Veracruz.<\/p>\n\n\n\n<p>Dio a conocer que la vacunaci\u00f3n ser\u00e1 en municipios como Ixcatepec, Citlalt\u00e9petl, Chumatl\u00e1n, Acajete, Ayahualulco, Atoyac, Chocam\u00e1n, Ixhuatlancillo, Carlos A. Carrillo, Oluta, Soconusco, Texistepec, Moloac\u00e1n, entre muchos otros.<\/p>\n\n\n\n<p>Resalt\u00f3 que solamente faltan 30 municipios para concluir la vacunaci\u00f3n de refuerzo en ese sector, por lo que habr\u00e1n aplicado 13 millones 400 mil dosis desde que iniciaron.<\/p>\n\n\n\n<p>&#8220;Es segunda dosis para menores, con eso culminamos el recorrido. Ahorita que ya estamos en la fase end\u00e9mica, no est\u00e1 pronosticado otro refuerzo&#8221;, coment\u00f3.<\/p>\n\n\n\n<p>&#8220;La recomendaci\u00f3n que damos es que los mayores de 60 a\u00f1os se vacunen contra la influenza&#8221;, agreg\u00f3.<\/p>\n\n\n\n<p>Reconoci\u00f3 que aunque tambi\u00e9n la recomendaci\u00f3n del uso del cubrebocas s\u00f3lo es para aquellos que no est\u00e1n vacunados o que tienen alguna enfermedad respiratoria, es posible que sea vea m\u00e1s el uso del mismo por la temporada, pero no es por el Covid.<\/p>\n\n\n\n<p>Asegur\u00f3 que ya se lleva m\u00e1s del 93 por ciento de la poblaci\u00f3n vacunada por lo menos con una dosis, por eso es que ya hay m\u00e1s relajaci\u00f3n en las medidas y ya hay m\u00e1s gente en los diversos eventos que se celebran.<\/p>\n\n\n\n<p>&#8220;No tenemos un despunte en las enfermedades respiratorias, pero eso no quiere decir que nos descuidemos, pero es importante vacunarse en el tema de la influenza&#8221;, inform\u00f3.<\/p>\n\n\n\n<p>Coment\u00f3 que aunque ya no habr\u00e1 brigadas para la vacunaci\u00f3n contra el Covid, s\u00ed se podr\u00e1n vacunar las personas en los centros hospitalarios.<\/p>\n\n\n\n<p>&#8220;El Covid fue una circunstancia especial que descarg\u00f3 en la brigada correcaminos, el \u00faltimo mandato que tenemos es vacunar a los de 5 a 11 y estamos acabando la pr\u00f3xima semana&#8221;.<\/p>\n\n\n\n<p>Finalmente se\u00f1al\u00f3 \u00a0que &#8220;vamos a ver qu\u00e9 instrucci\u00f3n nos dan, pero ya estamos culminando la campa\u00f1a de vacunaci\u00f3n todos los segmentos que est\u00e1n predeterminados a ser vacunados&#8221;.<\/p>\n","protected":false},"excerpt":{"rendered":"<p>Dar\u00edo Pale Xalapa, Ver.- Hoy dio inicio la vacunaci\u00f3n de refuerzo a menores de 5 a 11 a\u00f1os en 77 municipios, solo faltan 30 para que concluyan con todo el estado, donde se habr\u00eda aplicado 13 millones 400 mil dosis. En conferencia de prensa el delegado de los programas del Bienestar en Veracruz Manuel Huerta [&hellip;]<\/p>\n","protected":false},"author":1,"featured_media":26865,"comment_status":"open","ping_status":"open","sticky":false,"template":"","format":"standard","meta":{"_jetpack_memberships_contains_paid_content":false,"footnotes":""},"categories":[9],"tags":[],"class_list":["post-33400","post","type-post","status-publish","format-standard","has-post-thumbnail","hentry","category-salud"],"jetpack_featured_media_url":"https:\/\/encuentroinformativo.com.mx\/wp-content\/uploads\/2022\/05\/5D3843CA-CB0A-4EC7-9AC9-754172F92B01.jpeg","jetpack_sharing_enabled":true,"jetpack_likes_enabled":true,"amp_enabled":true,"_links":{"self":[{"href":"https:\/\/encuentroinformativo.com.mx\/index.php?rest_route=\/wp\/v2\/posts\/33400","targetHints":{"allow":["GET"]}}],"collection":[{"href":"https:\/\/encuentroinformativo.com.mx\/index.php?rest_route=\/wp\/v2\/posts"}],"about":[{"href":"https:\/\/encuentroinformativo.com.mx\/index.php?rest_route=\/wp\/v2\/types\/post"}],"author":[{"embeddable":true,"href":"https:\/\/encuentroinformativo.com.mx\/index.php?rest_route=\/wp\/v2\/users\/1"}],"replies":[{"embeddable":true,"href":"https:\/\/encuentroinformativo.com.mx\/index.php?rest_route=%2Fwp%2Fv2%2Fcomments&post=33400"}],"version-history":[{"count":1,"href":"https:\/\/encuentroinformativo.com.mx\/index.php?rest_route=\/wp\/v2\/posts\/33400\/revisions"}],"predecessor-version":[{"id":33401,"href":"https:\/\/encuentroinformativo.com.mx\/index.php?rest_route=\/wp\/v2\/posts\/33400\/revisions\/33401"}],"wp:featuredmedia":[{"embeddable":true,"href":"https:\/\/encuentroinformativo.com.mx\/index.php?rest_route=\/wp\/v2\/media\/26865"}],"wp:attachment":[{"href":"https:\/\/encuentroinformativo.com.mx\/index.php?rest_route=%2Fwp%2Fv2%2Fmedia&parent=33400"}],"wp:term":[{"taxonomy":"category","embeddable":true,"href":"https:\/\/encuentroinformativo.com.mx\/index.php?rest_route=%2Fwp%2Fv2%2Fcategories&post=33400"},{"taxonomy":"post_tag","embeddable":true,"href":"https:\/\/encuentroinformativo.com.mx\/index.php?rest_route=%2Fwp%2Fv2%2Ftags&post=33400"}],"curies":[{"name":"wp","href":"https:\/\/api.w.org\/{rel}","templated":true}]}}