{"id":3341,"date":"2020-06-14T23:08:20","date_gmt":"2020-06-15T04:08:20","guid":{"rendered":"https:\/\/encuentroinformativo.com\/?p=3341"},"modified":"2020-06-14T23:08:23","modified_gmt":"2020-06-15T04:08:23","slug":"respaldan-autoridades-a-gonzalo-vicencio-en-hidalgotitlan","status":"publish","type":"post","link":"https:\/\/encuentroinformativo.com.mx\/?p=3341","title":{"rendered":"Respaldan autoridades a Gonzalo Vicencio en Hidalgotitl\u00e1n"},"content":{"rendered":"\n<p><strong>*De manera ins\u00f3lita Hidalgotitl\u00e1n pide sumarse al proyecto de unidad del l\u00edder de MORENA en el Estado de Veracruz.<br> *Compromiso del alcalde y sus ediles de caminar con Gonzalo Vicencio<\/strong>.<\/p>\n\n\n\n<p>Hidalgotitl\u00e1n, Ver.- Atendiendo a la invitaci\u00f3n que le hiciera el presidente municipal de Hidalgotitl\u00e1n, Federico Tadeo S\u00e1nchez, el secretario General del Movimiento de Regeneraci\u00f3n Nacional (Morena) en Veracruz, Gonzalo Vicencio Flores, acudi\u00f3 al citado municipio, donde fue recibido por los integrantes que conforman el cuerpo edilicio de ese ayuntamiento.<\/p>\n\n\n\n<p>Adem\u00e1s, estuvo presente Porfirio Garc\u00eda Mart\u00ednez, presidente de la Coordinadora Nacional Plan de Ayala (CNPA) de esa municipalidad.<\/p>\n\n\n\n<p>La sorpresiva bienvenida a Vicencio Flores, no fue para menos pues, en su participaci\u00f3n, el edil Federico Tadeo S\u00e1nchez expres\u00f3: \u201cNo somos morenistas, pero algo que se ha demostrado en el municipio, es el liderazgo de su actual presidente estatal, que es usted\u201d, agreg\u00f3 que \u201cagarramos un pueblo muy lastimado, muy dolido, muy resentido, pero hemos estado trabajando para revertir ese da\u00f1o.\u201d<\/p>\n\n\n\n<p>El mun\u00edcipe, ante su equipo de trabajo, le expuso a Vicencio Flores: \u201cEstamos luchando por ser parte del equipo de ustedes; es tiempo de trabajar, nos sentimos a gusto, pero con un compromiso m\u00e1s grande con la gente, respaldados por ustedes. Todos estamos en el mismo barco.\u201d<\/p>\n\n\n\n<p>La respuesta del Secretario General del Morena fue sincera: \u201cEs tiempo de sumar esfuerzos, todos son bienvenidos, el pa\u00eds enfrenta terribles crisis, una es la pandemia y otra, una crisis pol\u00edtica; faltan hombres y mujeres dispuestos a servir a los mexicanos y en nuestro caso, a los veracruzanos; se va a luchar por el municipio, cumpliendo con los compromisos, nosotros nos sumamos al esfuerzo de este cabildo, mi respeto para el se\u00f1or presidente.\u201d<\/p>\n\n\n\n<p>En su intervenci\u00f3n, Porfirio Garc\u00eda Mart\u00ednez, respald\u00f3 el compromiso contra\u00eddo por los representantes del Morena y de Hidalgotitl\u00e1n, augurando un buen futuro para esa alianza, a la cual, tambi\u00e9n se sum\u00f3 \u201cpor el trabajo que podemos hacer por la gente del pueblo.\u201d<\/p>\n","protected":false},"excerpt":{"rendered":"<p>*De manera ins\u00f3lita Hidalgotitl\u00e1n pide sumarse al proyecto de unidad del l\u00edder de MORENA en el Estado de Veracruz. *Compromiso del alcalde y sus ediles de caminar con Gonzalo Vicencio. Hidalgotitl\u00e1n, Ver.- Atendiendo a la invitaci\u00f3n que le hiciera el presidente municipal de Hidalgotitl\u00e1n, Federico Tadeo S\u00e1nchez, el secretario General del Movimiento de Regeneraci\u00f3n Nacional [&hellip;]<\/p>\n","protected":false},"author":1,"featured_media":3342,"comment_status":"open","ping_status":"open","sticky":false,"template":"","format":"standard","meta":{"_jetpack_memberships_contains_paid_content":false,"footnotes":""},"categories":[2],"tags":[],"class_list":["post-3341","post","type-post","status-publish","format-standard","has-post-thumbnail","hentry","category-estado"],"jetpack_featured_media_url":"https:\/\/encuentroinformativo.com.mx\/wp-content\/uploads\/2020\/06\/ADA7A900-76AC-42BA-9F4E-3FEBD772AF47.jpeg","jetpack_sharing_enabled":true,"jetpack_likes_enabled":true,"amp_enabled":true,"_links":{"self":[{"href":"https:\/\/encuentroinformativo.com.mx\/index.php?rest_route=\/wp\/v2\/posts\/3341","targetHints":{"allow":["GET"]}}],"collection":[{"href":"https:\/\/encuentroinformativo.com.mx\/index.php?rest_route=\/wp\/v2\/posts"}],"about":[{"href":"https:\/\/encuentroinformativo.com.mx\/index.php?rest_route=\/wp\/v2\/types\/post"}],"author":[{"embeddable":true,"href":"https:\/\/encuentroinformativo.com.mx\/index.php?rest_route=\/wp\/v2\/users\/1"}],"replies":[{"embeddable":true,"href":"https:\/\/encuentroinformativo.com.mx\/index.php?rest_route=%2Fwp%2Fv2%2Fcomments&post=3341"}],"version-history":[{"count":1,"href":"https:\/\/encuentroinformativo.com.mx\/index.php?rest_route=\/wp\/v2\/posts\/3341\/revisions"}],"predecessor-version":[{"id":3343,"href":"https:\/\/encuentroinformativo.com.mx\/index.php?rest_route=\/wp\/v2\/posts\/3341\/revisions\/3343"}],"wp:featuredmedia":[{"embeddable":true,"href":"https:\/\/encuentroinformativo.com.mx\/index.php?rest_route=\/wp\/v2\/media\/3342"}],"wp:attachment":[{"href":"https:\/\/encuentroinformativo.com.mx\/index.php?rest_route=%2Fwp%2Fv2%2Fmedia&parent=3341"}],"wp:term":[{"taxonomy":"category","embeddable":true,"href":"https:\/\/encuentroinformativo.com.mx\/index.php?rest_route=%2Fwp%2Fv2%2Fcategories&post=3341"},{"taxonomy":"post_tag","embeddable":true,"href":"https:\/\/encuentroinformativo.com.mx\/index.php?rest_route=%2Fwp%2Fv2%2Ftags&post=3341"}],"curies":[{"name":"wp","href":"https:\/\/api.w.org\/{rel}","templated":true}]}}