{"id":33410,"date":"2022-11-07T14:11:39","date_gmt":"2022-11-07T20:11:39","guid":{"rendered":"https:\/\/encuentroinformativo.com.mx\/?p=33410"},"modified":"2022-11-07T14:11:46","modified_gmt":"2022-11-07T20:11:46","slug":"insiste-sindicato-quiere-aumento-salarial-en-noviembre","status":"publish","type":"post","link":"https:\/\/encuentroinformativo.com.mx\/?p=33410","title":{"rendered":"Insiste sindicato quiere aumento salarial en noviembre"},"content":{"rendered":"\n<p><strong>Juan Arcos<\/strong><\/p>\n\n\n\n<p>Xalapa, Ver.- El secretario general del Frente Democr\u00e1tico Magisterial (Fredemag), Oswaldo Daniel Ahumada Aguirre, pidi\u00f3 que el incremento salarial diferenciado para los docentes del sistema estatal sea pagado a m\u00e1s tardar este mes de noviembre.<\/p>\n\n\n\n<p>El l\u00edder sindical tambi\u00e9n solicit\u00f3 que exista una n\u00f3mina adicional e independiente para que, al incrementarse las percepciones de los profesores, no se vean afectados con un alza en el Impuesto Sobre la Renta (ISR).<\/p>\n\n\n\n<p>Detall\u00f3 que el aumento salarial del uno, dos y tres por ciento anunciado el pasado 15 de mayo, es hist\u00f3rico en el pa\u00eds y debe pagarse con retroactividad a partir de enero de este 2022.<\/p>\n\n\n\n<p>\u201cEs un aumento salarial que se anunci\u00f3 con retroactividad, eso tambi\u00e9n estamos pidiendo, que la retroactividad sea a partir de enero de 2022 y que, efectivamente, el hecho de que paguen hasta el mes de diciembre podr\u00eda impactar de manera negativa en el incremento del impuesto sobre la renta, por eso la postura de nosotros es que el pago sea a m\u00e1s tardar en la segunda quincena de noviembre y en una n\u00f3mina adicional\u201d, enfatiz\u00f3.<\/p>\n\n\n\n<p>Ahumada Aguirre se pronunci\u00f3 a favor de las protestas y la toma de escuelas en Xalapa por parte de los docentes, para que el gobierno estatal cumpla con el pago correspondiente.<\/p>\n\n\n\n<p>\u201cSobre las manifestaciones que se han dado sin siglas sindicales con todos los compa\u00f1eros en el estado de Veracruz, en las escuelas, estamos muy de acuerdo en que esto suceda porque es un clamor generalizado en el magisterio estatal. Es in\u00e9dito en este a\u00f1o, es la primera vez que se anuncia un aumento de este tipo y esperemos que el gobierno del estado hagan el pago correspondiente\u201d, agreg\u00f3.<\/p>\n\n\n\n<p>Por otra parte, el dirigente celebr\u00f3 que el jueves 27 de octubre, el Fredemag recibi\u00f3 su registro como sindicato magisterial y su toma de nota correspondiente para su primer Comit\u00e9 Ejecutivo Estatal.<\/p>\n\n\n\n<p>\u201cDesde el d\u00eda 4 de abril del presente a\u00f1o, con la designaci\u00f3n oficial de su registro por parte del Tribunal de Conciliaci\u00f3n y Arbitraje (TCA), a partir de la fecha se\u00f1alada contamos ya con la personalidad y el car\u00e1cter formal y legal para que esta nueva instituci\u00f3n sindical se desempe\u00f1e ante las instancias correspondientes, ante la sociedad en general, los trabajadores de la educaci\u00f3n en Veracruz, y en particular antenuestros militantes, con la legalidad correspondiente para atender la gesti\u00f3n y la representaci\u00f3n sindical ante cualquier problem\u00e1tica laboral que afecte a nuestras bases y al magisterio en su generalidad\u201d, enfatiz\u00f3.<\/p>\n\n\n\n<p>Esta organizaci\u00f3n sindical cuenta con m\u00e1s de mil agremiados en todo el territorio veracruzano y se encuentra en etapa de crecimiento.<\/p>\n\n\n\n<p>\u201cRespecto a la seguridad social, les informamos tambi\u00e9n que el FrenteDemocr\u00e1tico Magisterial, Fredemag, contar\u00e1 con su propio sistema de Fondo de Beneficios Compartidos FBC\/Fredemag, mismo que garantizar\u00e1 el cumplimiento de sus beneficios para sus agremiados\u201d, remat\u00f3 Ahumada Aguirre.<\/p>\n","protected":false},"excerpt":{"rendered":"<p>Juan Arcos Xalapa, Ver.- El secretario general del Frente Democr\u00e1tico Magisterial (Fredemag), Oswaldo Daniel Ahumada Aguirre, pidi\u00f3 que el incremento salarial diferenciado para los docentes del sistema estatal sea pagado a m\u00e1s tardar este mes de noviembre. El l\u00edder sindical tambi\u00e9n solicit\u00f3 que exista una n\u00f3mina adicional e independiente para que, al incrementarse las percepciones [&hellip;]<\/p>\n","protected":false},"author":1,"featured_media":33411,"comment_status":"open","ping_status":"open","sticky":false,"template":"","format":"standard","meta":{"_jetpack_memberships_contains_paid_content":false,"footnotes":""},"categories":[2],"tags":[],"class_list":["post-33410","post","type-post","status-publish","format-standard","has-post-thumbnail","hentry","category-estado"],"jetpack_featured_media_url":"https:\/\/encuentroinformativo.com.mx\/wp-content\/uploads\/2022\/11\/E6D9CC37-C62D-4DDC-A6A6-7A99346DDBF6.jpeg","jetpack_sharing_enabled":true,"jetpack_likes_enabled":true,"amp_enabled":true,"_links":{"self":[{"href":"https:\/\/encuentroinformativo.com.mx\/index.php?rest_route=\/wp\/v2\/posts\/33410","targetHints":{"allow":["GET"]}}],"collection":[{"href":"https:\/\/encuentroinformativo.com.mx\/index.php?rest_route=\/wp\/v2\/posts"}],"about":[{"href":"https:\/\/encuentroinformativo.com.mx\/index.php?rest_route=\/wp\/v2\/types\/post"}],"author":[{"embeddable":true,"href":"https:\/\/encuentroinformativo.com.mx\/index.php?rest_route=\/wp\/v2\/users\/1"}],"replies":[{"embeddable":true,"href":"https:\/\/encuentroinformativo.com.mx\/index.php?rest_route=%2Fwp%2Fv2%2Fcomments&post=33410"}],"version-history":[{"count":1,"href":"https:\/\/encuentroinformativo.com.mx\/index.php?rest_route=\/wp\/v2\/posts\/33410\/revisions"}],"predecessor-version":[{"id":33412,"href":"https:\/\/encuentroinformativo.com.mx\/index.php?rest_route=\/wp\/v2\/posts\/33410\/revisions\/33412"}],"wp:featuredmedia":[{"embeddable":true,"href":"https:\/\/encuentroinformativo.com.mx\/index.php?rest_route=\/wp\/v2\/media\/33411"}],"wp:attachment":[{"href":"https:\/\/encuentroinformativo.com.mx\/index.php?rest_route=%2Fwp%2Fv2%2Fmedia&parent=33410"}],"wp:term":[{"taxonomy":"category","embeddable":true,"href":"https:\/\/encuentroinformativo.com.mx\/index.php?rest_route=%2Fwp%2Fv2%2Fcategories&post=33410"},{"taxonomy":"post_tag","embeddable":true,"href":"https:\/\/encuentroinformativo.com.mx\/index.php?rest_route=%2Fwp%2Fv2%2Ftags&post=33410"}],"curies":[{"name":"wp","href":"https:\/\/api.w.org\/{rel}","templated":true}]}}