{"id":33413,"date":"2022-11-07T14:36:41","date_gmt":"2022-11-07T20:36:41","guid":{"rendered":"https:\/\/encuentroinformativo.com.mx\/?p=33413"},"modified":"2022-11-07T14:36:45","modified_gmt":"2022-11-07T20:36:45","slug":"invita-caritas-a-participar-en-colecta-anual","status":"publish","type":"post","link":"https:\/\/encuentroinformativo.com.mx\/?p=33413","title":{"rendered":"Invita C\u00e1ritas a participar en colecta anual"},"content":{"rendered":"\n<p><strong>Dar\u00edo Pale<\/strong><\/p>\n\n\n\n<p>Xalapa, Ver.- <strong>C\u00e1ritas de Xalapa <\/strong>invita a participar en el D\u00eda de la Caridad 2022, el pr\u00f3ximo 12 de noviembre, de 9 de la ma\u00f1ana a 9 de la noche; durante el a\u00f1o 2021 se brindaron 183,932 apoyos, as\u00ed lo dio a conocer el padre Quint\u00edn L\u00f3pez Cessa.<\/p>\n\n\n\n<p>En conferencia de prensa indic\u00f3 que este a\u00f1o la colecta se realizar\u00e1 de las 9 de la ma\u00f1ana a las 9 de la noche.<\/p>\n\n\n\n<p>&#8220;Saldr\u00e1n aproximadamente 2 mil 500 voluntarios plenamente identificados con gafetes, botes alcanc\u00edas selladas y con logotipos de C\u00e1ritas, para colectar en la v\u00eda p\u00fablica, plazas comerciales, parques, restaurantes, caf\u00e9s, paradas de autobuses y unidades habitacionales&#8221;, se\u00f1al\u00f3.<\/p>\n\n\n\n<p>Asimismo, se indic\u00f3 que la colecta se realizar\u00e1 en torno a la VI Jornada Mundial del Pobre &#8220;a la que nos convoca su Santidad el Papa Francisco, en la que nos invita a compartir con el pr\u00f3jimo para que a nadie le falte lo necesario&#8221;.<\/p>\n\n\n\n<p>Como se sabe, C\u00e1ritas de Xalapa, A.C. es un organismo a trav\u00e9s del cual la Iglesia Cat\u00f3lica, asiste de manera organizada y constante a la poblaci\u00f3n m\u00e1s vulnerable, e invita a todos a experimentar el gozo de compartir sus bienes.<\/p>\n\n\n\n<p>C\u00e1ritas de Jalapa A.C. se compone de una matriz &#8220;C\u00e1ritas Centro y 55 filiales &#8220;C\u00e1ritas Parroquiales&#8221; establecidas en 21 municipios (Xalapa y zonas aleda\u00f1as que conforman la Arquidi\u00f3cesis); 1 laboratorio para an\u00e1lisis cl\u00ednicos que funciona por medio de cooperaciones, 1 albergue para adultos mayores y enfermos en fase terminal que no cuentan con un familiar que vea por ellos, 2 albergues temporales y 1 huerto en Coatepec.<\/p>\n\n\n\n<p>En ese sentido, se ofrecen diferentes servicios como: albergue, consultas, farmacia, despensas, comedor, servicio dental, consultas psicol\u00f3gicas, capacitaci\u00f3n y promoci\u00f3n humana (talleres de formaci\u00f3n como panader\u00eda, reposter\u00eda, carpinter\u00eda b\u00e1sica, herbolaria), entre otros.<\/p>\n\n\n\n<p>En la conferencia se expuso que durante el a\u00f1o 2021 se brindaron 183 mil 932 apoyos en dichos servicios.<\/p>\n\n\n\n<p>Finalmente, reiter\u00f3 que desde hace 25 a\u00f1os, C\u00e1ritas organiza una colecta en la v\u00eda p\u00fablica, a trav\u00e9s de la cual solicita a la sociedad de Xalapa y alrededores, su ayuda econ\u00f3mica, para contribuir a una sociedad m\u00e1s justa y dar apoyo al que menos tiene.<\/p>\n","protected":false},"excerpt":{"rendered":"<p>Dar\u00edo Pale Xalapa, Ver.- C\u00e1ritas de Xalapa invita a participar en el D\u00eda de la Caridad 2022, el pr\u00f3ximo 12 de noviembre, de 9 de la ma\u00f1ana a 9 de la noche; durante el a\u00f1o 2021 se brindaron 183,932 apoyos, as\u00ed lo dio a conocer el padre Quint\u00edn L\u00f3pez Cessa. En conferencia de prensa indic\u00f3 [&hellip;]<\/p>\n","protected":false},"author":1,"featured_media":33414,"comment_status":"open","ping_status":"open","sticky":false,"template":"","format":"standard","meta":{"_jetpack_memberships_contains_paid_content":false,"footnotes":""},"categories":[3],"tags":[],"class_list":["post-33413","post","type-post","status-publish","format-standard","has-post-thumbnail","hentry","category-xalapa"],"jetpack_featured_media_url":"https:\/\/encuentroinformativo.com.mx\/wp-content\/uploads\/2022\/11\/122454D3-338D-4A6E-AADA-54D050994E8A.jpeg","jetpack_sharing_enabled":true,"jetpack_likes_enabled":true,"amp_enabled":true,"_links":{"self":[{"href":"https:\/\/encuentroinformativo.com.mx\/index.php?rest_route=\/wp\/v2\/posts\/33413","targetHints":{"allow":["GET"]}}],"collection":[{"href":"https:\/\/encuentroinformativo.com.mx\/index.php?rest_route=\/wp\/v2\/posts"}],"about":[{"href":"https:\/\/encuentroinformativo.com.mx\/index.php?rest_route=\/wp\/v2\/types\/post"}],"author":[{"embeddable":true,"href":"https:\/\/encuentroinformativo.com.mx\/index.php?rest_route=\/wp\/v2\/users\/1"}],"replies":[{"embeddable":true,"href":"https:\/\/encuentroinformativo.com.mx\/index.php?rest_route=%2Fwp%2Fv2%2Fcomments&post=33413"}],"version-history":[{"count":1,"href":"https:\/\/encuentroinformativo.com.mx\/index.php?rest_route=\/wp\/v2\/posts\/33413\/revisions"}],"predecessor-version":[{"id":33415,"href":"https:\/\/encuentroinformativo.com.mx\/index.php?rest_route=\/wp\/v2\/posts\/33413\/revisions\/33415"}],"wp:featuredmedia":[{"embeddable":true,"href":"https:\/\/encuentroinformativo.com.mx\/index.php?rest_route=\/wp\/v2\/media\/33414"}],"wp:attachment":[{"href":"https:\/\/encuentroinformativo.com.mx\/index.php?rest_route=%2Fwp%2Fv2%2Fmedia&parent=33413"}],"wp:term":[{"taxonomy":"category","embeddable":true,"href":"https:\/\/encuentroinformativo.com.mx\/index.php?rest_route=%2Fwp%2Fv2%2Fcategories&post=33413"},{"taxonomy":"post_tag","embeddable":true,"href":"https:\/\/encuentroinformativo.com.mx\/index.php?rest_route=%2Fwp%2Fv2%2Ftags&post=33413"}],"curies":[{"name":"wp","href":"https:\/\/api.w.org\/{rel}","templated":true}]}}