{"id":33416,"date":"2022-11-07T16:18:49","date_gmt":"2022-11-07T22:18:49","guid":{"rendered":"https:\/\/encuentroinformativo.com.mx\/?p=33416"},"modified":"2022-11-07T16:18:53","modified_gmt":"2022-11-07T22:18:53","slug":"sin-represalias-para-docentes-por-manifestaciones-gobernador","status":"publish","type":"post","link":"https:\/\/encuentroinformativo.com.mx\/?p=33416","title":{"rendered":"Sin represalias para docentes por manifestaciones: Gobernador"},"content":{"rendered":"\n<p><strong>Dar\u00edo Pale<\/strong><\/p>\n\n\n\n<p>Xalapa, Ver.- No habr\u00e1 represelias contra maestros estatales que dejaron a los estudiantes sin clases, adem\u00e1s asegur\u00f3 que s\u00f3lo fueron 19 escuelas tomadas de las 23 mil que hay en el estado, as\u00ed lo inform\u00f3 el gobernador del estado, Cuitl\u00e1huac Garc\u00eda Jim\u00e9nez.<\/p>\n\n\n\n<p>En conferencia de prensa inform\u00f3 que no habr\u00e1 represalias en contra de los maestros estatales por la demanda del incremento salarial aprobado desde el pasado mes de mayo, adem\u00e1s de que el paro fue s\u00f3lo de 19 centros educativos en el estado contra los 23 mil que son en total.<\/p>\n\n\n\n<p>Cuestionado respecto a un castigo a los maestros que dejaron sin clases a los ni\u00f1os y ni\u00f1as de Veracruz dijo que, &#8220;no, para nada, somos maestros, est\u00e1n en su derecho, exigen informaci\u00f3n y por eso estamos informando, informaci\u00f3n y precisa, que bueno que est\u00e1n en esa postura&#8221;.<\/p>\n\n\n\n<p>No obstante, asegur\u00f3 que no son todos los maestros del Estado puesto que la mayor\u00eda del magisterio entendi\u00f3 y \u201chay quienes pretenden enga\u00f1ar a su propia base&#8221;.<\/p>\n\n\n\n<p>Aclar\u00f3 que todos los maestros saben que los anuncios de incremento no se dan al otro d\u00eda del aviso, ni la siguiente quincena, &#8220;imag\u00ednense, en diciembre se les va a acumular y si les va a llegar&#8221;.<\/p>\n\n\n\n<p>Cabe mencionar que este lunes, maestros estatales suspendieron clases y pegaron pancartas en escuelas primarias, jardines de ni\u00f1os y secundarias, debido a la falta del pago retroactivo del aumento salarial anunciado por el gobierno federal en mayo pasado.<\/p>\n\n\n\n<p>Por \u00faltimo en ese sentido, el gobernador Cuitl\u00e1huac Garc\u00eda Jim\u00e9nez reiter\u00f3 el compromiso de pagar a las y los maestros estatales el incremento salarial del 1, 2 y 3 por ciento.<\/p>\n","protected":false},"excerpt":{"rendered":"<p>Dar\u00edo Pale Xalapa, Ver.- No habr\u00e1 represelias contra maestros estatales que dejaron a los estudiantes sin clases, adem\u00e1s asegur\u00f3 que s\u00f3lo fueron 19 escuelas tomadas de las 23 mil que hay en el estado, as\u00ed lo inform\u00f3 el gobernador del estado, Cuitl\u00e1huac Garc\u00eda Jim\u00e9nez. En conferencia de prensa inform\u00f3 que no habr\u00e1 represalias en contra [&hellip;]<\/p>\n","protected":false},"author":1,"featured_media":33417,"comment_status":"open","ping_status":"open","sticky":false,"template":"","format":"standard","meta":{"_jetpack_memberships_contains_paid_content":false,"footnotes":""},"categories":[2],"tags":[],"class_list":["post-33416","post","type-post","status-publish","format-standard","has-post-thumbnail","hentry","category-estado"],"jetpack_featured_media_url":"https:\/\/encuentroinformativo.com.mx\/wp-content\/uploads\/2022\/11\/25CBA4DC-E894-49BA-B75E-7439C1915C77.jpeg","jetpack_sharing_enabled":true,"jetpack_likes_enabled":true,"amp_enabled":true,"_links":{"self":[{"href":"https:\/\/encuentroinformativo.com.mx\/index.php?rest_route=\/wp\/v2\/posts\/33416","targetHints":{"allow":["GET"]}}],"collection":[{"href":"https:\/\/encuentroinformativo.com.mx\/index.php?rest_route=\/wp\/v2\/posts"}],"about":[{"href":"https:\/\/encuentroinformativo.com.mx\/index.php?rest_route=\/wp\/v2\/types\/post"}],"author":[{"embeddable":true,"href":"https:\/\/encuentroinformativo.com.mx\/index.php?rest_route=\/wp\/v2\/users\/1"}],"replies":[{"embeddable":true,"href":"https:\/\/encuentroinformativo.com.mx\/index.php?rest_route=%2Fwp%2Fv2%2Fcomments&post=33416"}],"version-history":[{"count":1,"href":"https:\/\/encuentroinformativo.com.mx\/index.php?rest_route=\/wp\/v2\/posts\/33416\/revisions"}],"predecessor-version":[{"id":33418,"href":"https:\/\/encuentroinformativo.com.mx\/index.php?rest_route=\/wp\/v2\/posts\/33416\/revisions\/33418"}],"wp:featuredmedia":[{"embeddable":true,"href":"https:\/\/encuentroinformativo.com.mx\/index.php?rest_route=\/wp\/v2\/media\/33417"}],"wp:attachment":[{"href":"https:\/\/encuentroinformativo.com.mx\/index.php?rest_route=%2Fwp%2Fv2%2Fmedia&parent=33416"}],"wp:term":[{"taxonomy":"category","embeddable":true,"href":"https:\/\/encuentroinformativo.com.mx\/index.php?rest_route=%2Fwp%2Fv2%2Fcategories&post=33416"},{"taxonomy":"post_tag","embeddable":true,"href":"https:\/\/encuentroinformativo.com.mx\/index.php?rest_route=%2Fwp%2Fv2%2Ftags&post=33416"}],"curies":[{"name":"wp","href":"https:\/\/api.w.org\/{rel}","templated":true}]}}