{"id":33426,"date":"2022-11-08T09:38:40","date_gmt":"2022-11-08T15:38:40","guid":{"rendered":"https:\/\/encuentroinformativo.com.mx\/?p=33426"},"modified":"2022-11-08T09:38:44","modified_gmt":"2022-11-08T15:38:44","slug":"lima-y-zenyazen-resolviendole-al-gober-pese-a-la-grilla","status":"publish","type":"post","link":"https:\/\/encuentroinformativo.com.mx\/?p=33426","title":{"rendered":"LIMA Y ZENYAZEN, RESOLVI\u00c9NDOLE AL GOBER PESE A LA GRILLA"},"content":{"rendered":"\n<p><strong>ColumnaSinNombre<br>@pablojair<\/strong><\/p>\n\n\n\n<ul class=\"wp-block-list\"><li>\u00bfEl primer veracruzano que va por la Presidencia?<\/li><li>Lamentable asesinato de mesero en Coatepec.<\/li><li>Por venta de droga, ejecutados cerca de Jalcomulco.<\/li><\/ul>\n\n\n\n<p>Gente que gana m\u00e1s de 200 mil pesos al mes<br>pidiendo respaldo del pueblo: as\u00ed los del INE.<br>\u2014Chopenjawer<\/p>\n\n\n\n<p>Hay algunos que quieren llevar el tema del retraso del pago de maestros al terreno pol\u00edtico (todav\u00eda falta mucho, no se aceleren) y hacer la absurda comparaci\u00f3n de que Cuitl\u00e1huac est\u00e1 como Javier Duarte.<\/p>\n\n\n\n<p>O sea, no se la jalen tan duro: se la van a arrancar.<\/p>\n\n\n\n<p>El gobernador Cuitl\u00e1huac Garc\u00eda Jim\u00e9nez ha estado saliendo a la palestra (a diferencia de Duarte, que se escond\u00eda y termin\u00f3 huyendo) para explicar y dar la cara por el atraso de parte de la Federaci\u00f3n. Ya anunci\u00f3 que los pagos \u2014con su respectivo aumento y retroactivo\u2014 ser\u00e1n a partir del 15 de diciembre; una lana chida que le va a caer al magisterio a fin de a\u00f1o y al personal administrativo del sector educativo.<\/p>\n\n\n\n<p>Y Cuitl\u00e1huac, siendo maestro y de familia de maestros, tiene bien medido el tema; eso es algo que olvidan los enemigos pol\u00edticos: no es el abogado al que est\u00e1n acostumbrados como los gobernadores que hemos tenido en los \u00faltimos a\u00f1os. Es de formaci\u00f3n magisterial desde casa, as\u00ed que \u2014supongo\u2014 \u201calgo\u201d debe saberle al tema.<\/p>\n\n\n\n<p>En resumen, todo lo dem\u00e1s se resume a mera grilla; la de madrear por madrear.<\/p>\n\n\n\n<p>Este lunes, Garc\u00eda Jim\u00e9nez volvi\u00f3 a dar la cara porque cerca de 20 escuelas (de 23 mil que existen en el estado; o sea, realmente casi nada) hicieron su protesta para exigir que se les pague antes de diciembre. El mismo gobernador justific\u00f3 y reconoci\u00f3 la inconformidad, pero no despeg\u00f3 el dedo del rengl\u00f3n: ya hay fecha para el pago y pide paciencia de dos semanas.<\/p>\n\n\n\n<p>Por lo anterior, en la conferencia desliz\u00f3 que la mayor\u00eda de los sindicatos han sido razonables y han entendido las explicaciones que les han dado desde el Gobierno de Veracruz.<\/p>\n\n\n\n<p>En pocas palabras: son s\u00f3lo unos cuantos los que quieren llevar agua a su molino con un conflicto que quieren hacer m\u00e1s grande de lo que realmente es, para fines pol\u00edtico-electorales\u2026 y eso que falta todav\u00eda un rato para el cambio de gobierno.<\/p>\n\n\n\n<p>Para lo anterior, el gobernador se tuvo que apoyar en sus dos alfiles de mayor confianza: el secretario de Finanzas, Jos\u00e9 Luis Lima Franco, y el secretario de Educaci\u00f3n, Zenyazen Escobar Garc\u00eda.<\/p>\n\n\n\n<p>En conferencia de prensa, el mandatario estatal reiter\u00f3 el respaldo de la federaci\u00f3n y enfatiz\u00f3 que en dos semanas se definir\u00e1 el monto; que la proyecci\u00f3n es asegurar el incremento, por ello es que el titular de Finanzas estaba en la negociaci\u00f3n, mientras la Oficial\u00eda Mayor de la SEV har\u00e1 un nuevo c\u00e1lculo del retroactivo pendiente desde la fecha en que los docentes federales recibieron el aumento, incluyendo empleados administrativos, para hacer el pago este mismo a\u00f1o \u2014antes de la segunda quincena de diciembre\u2014 y con el aguinaldo actualizado.<\/p>\n\n\n\n<p>Datos para nunca olvidar: el d\u00e9ficit en la entidad supera los 5 mil millones de pesos (herencia de gobiernos anteriores) y Veracruz paga a cerca de 51 mil docentes; es decir, arriba de la tercera parte de la n\u00f3mina, cuando otras entidades tienen hasta un 90 por ciento de magisterio federal.<\/p>\n\n\n\n<p>Ayer por la tarde, el secretario de Educaci\u00f3n, Zenyazen Escobar, se reuni\u00f3 con 46 secretarios generales de los sindicatos estatales para informar el calendario de pago del mes de diciembre, que contempla la aplicaci\u00f3n del Bono del Bienestar y confirm\u00f3: \u201cHay luz verde para poder depositar en la quincena del 15 de diciembre\u201d.<\/p>\n\n\n\n<p>\u201cLuego de acompa\u00f1ar al gobernador Cuitl\u00e1huac Garc\u00eda Jim\u00e9nez en conferencia de prensa, donde el mandatario dio a conocer que el incremento escalonado se pagar\u00e1 en la segunda quincena del mes de diciembre, el titular de la Secretar\u00eda de Educaci\u00f3n de Veracruz (SEV) convoc\u00f3 al medio centenar de dirigentes sindicales estatales que conviven en la dependencia para ofrecerles un calendario detallado de los pagos que se realizar\u00e1n en esa fecha al magisterio\u2026 Agradeci\u00f3 a nombre del Ejecutivo el apoyo y respaldo ante la situaci\u00f3n que se vive en la entidad por el retraso en el pago de este aumento salarial del 1, 2 y 3 por ciento, y les pidi\u00f3 informar a sus respectivas bases que ya se asegur\u00f3 la fecha del 15 de diciembre para que el recurso sea liberado\u2026 Precis\u00f3 que el Gobierno del Estado no cuenta a\u00fan con el monto de 700 millones de pesos, pero la Federaci\u00f3n ya confirm\u00f3 el respaldo para cubrir gran parte del d\u00e9ficit que anualmente se genera, lo que permitir\u00e1 tener los recursos para cubrir el incremento\u201d, reza el comunicado enviado sobre la reuni\u00f3n.<\/p>\n\n\n\n<p>Por su parte, el secretario Lima Franco anunci\u00f3 v\u00eda redes sociales que hay muy buenas noticias para Veracruz luego de su estancia en la capital del pa\u00eds, dando a conocer que tras una reuni\u00f3n en la Secretar\u00eda de Hacienda y Cr\u00e9dito P\u00fablico (SHCP), se obtuvo la certeza de que habr\u00e1 el apoyo al gobierno de Veracruz para el pago a los maestros estatales.<\/p>\n\n\n\n<p>En v\u00eddeo difundido la noche de este lunes, el encargado de las finanzas tambi\u00e9n confirm\u00f3 que los maestros tendr\u00e1n su pago del 1, 2 y 3 por ciento del bono de Bienestar que anunci\u00f3 el presidente L\u00f3pez Obrador en el mes de mayo y este llegar\u00e1 en el mes de diciembre.<\/p>\n\n\n\n<p>\u201cSiguiendo la instrucci\u00f3n del gobernador del estado, hoy estuvimos en reuni\u00f3n en la Secretar\u00eda de Hacienda y Cr\u00e9dito P\u00fablico para obtener la certeza de que se iba a tener el apoyo del gobierno federal y afortunadamente s\u00ed y con esto le damos la certeza a los trabajadores del estado de que los maestros van a recibir bono de Bienestar. Con esto estaremos cumpliendo este compromiso que ha hecho el gobernador de que no hay maestros de primera ni de segunda\u201d.<\/p>\n\n\n\n<p>Lo bueno es que hay secretarios como Lima y Zenyazen enfocados en resolverle al gobernador, rebasando por mucho las grillas que en nada ayudan.<\/p>\n\n\n\n<p><strong>NOTA PARA PEGAR EN EL REFRI:<\/strong> De los pocos activos que puede presumir el Partido Acci\u00f3n Nacional (PAN) para dar la batalla rumbo al 2024, son los gobernadores de Quer\u00e9taro y Yucat\u00e1n, Mauricio Kuri y Mauricio Vila; ambos incluso reconocidos por el presidente Andr\u00e9s Manuel L\u00f3pez Obrador como buenas personas\u2026 Sobra decirlo, pero Quer\u00e9taro y Yucat\u00e1n han sido estados ejemplo a nivel nacional, tanto que en las encuestas sobre los gobernantes mejores calificados siempre est\u00e1n a la cabeza (a veces hacen el 1-2) los dos mandatarios de estas entidades\u2026 En el caso de Mauricio Kuri, el gobernador queretano resulta que es nacido en Veracruz, justo en Orizaba: una de las ciudades que m\u00e1s ha crecido y ha tenido desarrollo en los \u00faltimos a\u00f1os, superando incluso a la capital Xalapa\u2026 Con el veracruzano Kuri se cay\u00f3 el argumento baboso y endeble de que una persona nacida en otra entidad no puede gobernar un estado del que no es nativo, como insisten quienes no quieren ver a Roc\u00edo Nahle como la futura gobernadora de Veracruz, aunque haya nacido en Zacatecas (con la pena, pero todo apunta que as\u00ed ser\u00e1). Kuri es el ejemplo de que un veracruzano, con una familia de abolengo en Veracruz, pudo gobernar Quer\u00e9taro, una de las mejores entidades del pa\u00eds\u2026 No obstante, hasta hace poco Mauricio Kuri no era militante del PAN y se tuvo que afiliar hace unos d\u00edas, lo que fue interpretado en c\u00edrculos nacionales como el primer paso para que el mandatario estatal sea el abanderado de Acci\u00f3n Nacional en la contienda de 2024 rumbo a la Presidencia de la Rep\u00fablica\u2026 La verdad, se ve dif\u00edcil, pero ah\u00ed la lleva.<\/p>\n\n\n\n<p><strong>OTRA NOTA:<\/strong> El pasado jueves por la madrugada, un conocido mesero de Coatepec, llamado Sim\u00f3n Pedro, fue asesinado de un navajazo por desconocidos cuando se dirig\u00eda a su domicilio luego de una jornada de trabajo\u2026 El caso fue muy sonado porque el cortejo f\u00fanebre fue llevado al restaurante donde trabajaba y tambi\u00e9n pas\u00f3 frente al Palacio Municipal de Coatepec, donde sus familiares y amigos pidieron justicia ante el crimen\u2026 Y es que diversas denuncias de vecinos en el lugar de los hechos, indican que los cuerpos de emergencia habr\u00edan tardado casi una hora en llegar al lugar; es decir, mientras Sim\u00f3n Pedro se desangraba en plena calle, no estaba recibiendo el auxilio necesario y tardaron varios minutos en atenderlo, as\u00ed como llevarlo a un hospital hasta Xalapa\u2026 A lo anterior viene el recuerdo de que fue precisamente la actual administraci\u00f3n municipal la que disolvi\u00f3 al cuerpo de Bomberos y emergencias que hab\u00eda en Coatepec en un af\u00e1n de colocar a gente que trabaj\u00f3 en la campa\u00f1a del actual alcalde Raymundo Andrade\u2026 Pero resulta que el mismo edil los ha abandonado, pues esta misma semana tambi\u00e9n se revel\u00f3 por parte de los propios elementos que no tienen equipo para combatir siniestros y una pipa est\u00e1 fuera de circulaci\u00f3n\u2026 Es curioso, pero dicen por ah\u00ed que los Bomberos s\u00ed tienen una ambulancia recientemente entregada por el Gobierno de Veracruz\u2026 \u00bfEntonces no la utilizan para casos como el de Sim\u00f3n Pedro o s\u00f3lo es para adornar la fachada del cuartel?<\/p>\n\n\n\n<p><strong>LA \u00daLTIMA PORQUE BACK TO THE ROOTS: <\/strong>El gobernador Cuitl\u00e1huac Garc\u00eda Jim\u00e9nez revel\u00f3 que sobre el asesinato de tres personas (dos mujeres y un hombre) en las inmediaciones de Jalcomulco, el crimen estar\u00eda relacionado con la venta de droga\u2026 \u201cEste fin de semana hubo tres homicidios, se indag\u00f3 que se dedicaban a vender drogas, de inmediato se abrieron dos l\u00edneas de investigaci\u00f3n, la primera tiene que ver con el grupo delictivo que act\u00faa en la zona y la otra un ajuste de cuentas por deudas por la venta\u201d, detall\u00f3\u2026 Como fue informado oportunamente, los cuerpos ejecutados de dos mujeres y un hombre aparecieron el pasado viernes 4 de noviembre entre ca\u00f1ales justo en la desviaci\u00f3n al pueblo de Jalcomulco, en la carretera Coatepec-Tlaltetela.<\/p>\n","protected":false},"excerpt":{"rendered":"<p>ColumnaSinNombre@pablojair \u00bfEl primer veracruzano que va por la Presidencia? Lamentable asesinato de mesero en Coatepec. Por venta de droga, ejecutados cerca de Jalcomulco. Gente que gana m\u00e1s de 200 mil pesos al mespidiendo respaldo del pueblo: as\u00ed los del INE.\u2014Chopenjawer Hay algunos que quieren llevar el tema del retraso del pago de maestros al terreno [&hellip;]<\/p>\n","protected":false},"author":1,"featured_media":488,"comment_status":"open","ping_status":"open","sticky":false,"template":"","format":"standard","meta":{"_jetpack_memberships_contains_paid_content":false,"footnotes":""},"categories":[11],"tags":[],"class_list":["post-33426","post","type-post","status-publish","format-standard","has-post-thumbnail","hentry","category-opinion"],"jetpack_featured_media_url":"https:\/\/encuentroinformativo.com.mx\/wp-content\/uploads\/2020\/03\/F471F608-BA1A-416B-BA7B-BCFB24F4E6D0.jpeg","jetpack_sharing_enabled":true,"jetpack_likes_enabled":true,"amp_enabled":true,"_links":{"self":[{"href":"https:\/\/encuentroinformativo.com.mx\/index.php?rest_route=\/wp\/v2\/posts\/33426","targetHints":{"allow":["GET"]}}],"collection":[{"href":"https:\/\/encuentroinformativo.com.mx\/index.php?rest_route=\/wp\/v2\/posts"}],"about":[{"href":"https:\/\/encuentroinformativo.com.mx\/index.php?rest_route=\/wp\/v2\/types\/post"}],"author":[{"embeddable":true,"href":"https:\/\/encuentroinformativo.com.mx\/index.php?rest_route=\/wp\/v2\/users\/1"}],"replies":[{"embeddable":true,"href":"https:\/\/encuentroinformativo.com.mx\/index.php?rest_route=%2Fwp%2Fv2%2Fcomments&post=33426"}],"version-history":[{"count":1,"href":"https:\/\/encuentroinformativo.com.mx\/index.php?rest_route=\/wp\/v2\/posts\/33426\/revisions"}],"predecessor-version":[{"id":33427,"href":"https:\/\/encuentroinformativo.com.mx\/index.php?rest_route=\/wp\/v2\/posts\/33426\/revisions\/33427"}],"wp:featuredmedia":[{"embeddable":true,"href":"https:\/\/encuentroinformativo.com.mx\/index.php?rest_route=\/wp\/v2\/media\/488"}],"wp:attachment":[{"href":"https:\/\/encuentroinformativo.com.mx\/index.php?rest_route=%2Fwp%2Fv2%2Fmedia&parent=33426"}],"wp:term":[{"taxonomy":"category","embeddable":true,"href":"https:\/\/encuentroinformativo.com.mx\/index.php?rest_route=%2Fwp%2Fv2%2Fcategories&post=33426"},{"taxonomy":"post_tag","embeddable":true,"href":"https:\/\/encuentroinformativo.com.mx\/index.php?rest_route=%2Fwp%2Fv2%2Ftags&post=33426"}],"curies":[{"name":"wp","href":"https:\/\/api.w.org\/{rel}","templated":true}]}}