{"id":33431,"date":"2022-11-08T12:52:59","date_gmt":"2022-11-08T18:52:59","guid":{"rendered":"https:\/\/encuentroinformativo.com.mx\/?p=33431"},"modified":"2022-11-08T12:53:03","modified_gmt":"2022-11-08T18:53:03","slug":"analizan-docentes-retornar-a-clases-el-miercoles","status":"publish","type":"post","link":"https:\/\/encuentroinformativo.com.mx\/?p=33431","title":{"rendered":"Analizan docentes retornar a clases el mi\u00e9rcoles"},"content":{"rendered":"\n<p><strong>Juan Arcos <\/strong><\/p>\n\n\n\n<p>Xalapa, Ver.- Docentes de la escuela primaria \u201cEnrique C. Rebsamen\u201d, de esta ciudad de Xalapa, podr\u00edan volver a clases el mi\u00e9rcoles 9 de noviembre tras las protestas y la toma del plantel para exigir el pago del incremento salarial diferenciado.<\/p>\n\n\n\n<p>De acuerdo con el profesor del sexto grado Guillermo Mart\u00ednez Mac\u00edn, por segundo d\u00eda consecutivo fueron tomadas varias escuelas en el centro de la capital y ser\u00e1n los docentes de cada una quienes acuerden la fecha para reanudar las actividades.<\/p>\n\n\n\n<p>El entrevistado indic\u00f3 que el magisterio dio un emplazamiento de 48 horas para exigir al gobierno estatal realizara el pago por dicho concepto a m\u00e1s tardar en la segunda quincena de diciembre y no hasta el 15 de diciembre.<\/p>\n\n\n\n<p>\u201cAhorita estamos reconsiderando regresar a los grupos el d\u00eda de ma\u00f1ana a esta instituci\u00f3n, falta hacer el consenso de los compa\u00f1eros\u201d, a\u00f1adi\u00f3.<\/p>\n\n\n\n<p>A su juicio, los catedr\u00e1ticos del sistema educativo estatal desconf\u00edan en la calendarizaci\u00f3n de pagos emitida por autoridades educativas y financieras.<\/p>\n\n\n\n<p>\u201cEsperamos que realmente se cumpla esa calendarizaci\u00f3n de pagos porque a los maestros estatales siempre nos han vulnerado en cuanto a los pagos\u201d, expres\u00f3.<\/p>\n\n\n\n<p>Tambi\u00e9n fueron tomadas las escuelas primarias \u201cManuel de Boza\u201d, \u201cJosefa Ortiz de Dom\u00ednguez\u201d, \u201cSalvador D\u00edaz Mir\u00f3n\u201d y el preescolar \u201cEsperanza Osorio\u201d, por mencionar algunos planteles.<\/p>\n\n\n\n<p>En caso de que el pago del incremento salarial no se vea reflejado el 15 de diciembre, se reanudar\u00e1n las protestas y la toma de las escuelas a nivel estatal.<\/p>\n\n\n\n<figure class=\"wp-block-image size-large\"><img loading=\"lazy\" decoding=\"async\" width=\"1024\" height=\"768\" src=\"https:\/\/encuentroinformativo.com.mx\/wp-content\/uploads\/2022\/11\/46EFAFB7-02E7-4E76-B363-03A00B954E96-1024x768.jpeg\" alt=\"\" class=\"wp-image-33433\" srcset=\"https:\/\/encuentroinformativo.com.mx\/wp-content\/uploads\/2022\/11\/46EFAFB7-02E7-4E76-B363-03A00B954E96-1024x768.jpeg 1024w, https:\/\/encuentroinformativo.com.mx\/wp-content\/uploads\/2022\/11\/46EFAFB7-02E7-4E76-B363-03A00B954E96-300x225.jpeg 300w, https:\/\/encuentroinformativo.com.mx\/wp-content\/uploads\/2022\/11\/46EFAFB7-02E7-4E76-B363-03A00B954E96-768x576.jpeg 768w, https:\/\/encuentroinformativo.com.mx\/wp-content\/uploads\/2022\/11\/46EFAFB7-02E7-4E76-B363-03A00B954E96-1536x1152.jpeg 1536w, https:\/\/encuentroinformativo.com.mx\/wp-content\/uploads\/2022\/11\/46EFAFB7-02E7-4E76-B363-03A00B954E96.jpeg 2016w\" sizes=\"auto, (max-width: 1024px) 100vw, 1024px\" \/><\/figure>\n","protected":false},"excerpt":{"rendered":"<p>Juan Arcos Xalapa, Ver.- Docentes de la escuela primaria \u201cEnrique C. Rebsamen\u201d, de esta ciudad de Xalapa, podr\u00edan volver a clases el mi\u00e9rcoles 9 de noviembre tras las protestas y la toma del plantel para exigir el pago del incremento salarial diferenciado. De acuerdo con el profesor del sexto grado Guillermo Mart\u00ednez Mac\u00edn, por segundo [&hellip;]<\/p>\n","protected":false},"author":1,"featured_media":33432,"comment_status":"open","ping_status":"open","sticky":false,"template":"","format":"standard","meta":{"_jetpack_memberships_contains_paid_content":false,"footnotes":""},"categories":[3],"tags":[],"class_list":["post-33431","post","type-post","status-publish","format-standard","has-post-thumbnail","hentry","category-xalapa"],"jetpack_featured_media_url":"https:\/\/encuentroinformativo.com.mx\/wp-content\/uploads\/2022\/11\/160F3EC4-098C-44D5-9119-772F9ED74E3E.jpeg","jetpack_sharing_enabled":true,"jetpack_likes_enabled":true,"amp_enabled":true,"_links":{"self":[{"href":"https:\/\/encuentroinformativo.com.mx\/index.php?rest_route=\/wp\/v2\/posts\/33431","targetHints":{"allow":["GET"]}}],"collection":[{"href":"https:\/\/encuentroinformativo.com.mx\/index.php?rest_route=\/wp\/v2\/posts"}],"about":[{"href":"https:\/\/encuentroinformativo.com.mx\/index.php?rest_route=\/wp\/v2\/types\/post"}],"author":[{"embeddable":true,"href":"https:\/\/encuentroinformativo.com.mx\/index.php?rest_route=\/wp\/v2\/users\/1"}],"replies":[{"embeddable":true,"href":"https:\/\/encuentroinformativo.com.mx\/index.php?rest_route=%2Fwp%2Fv2%2Fcomments&post=33431"}],"version-history":[{"count":1,"href":"https:\/\/encuentroinformativo.com.mx\/index.php?rest_route=\/wp\/v2\/posts\/33431\/revisions"}],"predecessor-version":[{"id":33434,"href":"https:\/\/encuentroinformativo.com.mx\/index.php?rest_route=\/wp\/v2\/posts\/33431\/revisions\/33434"}],"wp:featuredmedia":[{"embeddable":true,"href":"https:\/\/encuentroinformativo.com.mx\/index.php?rest_route=\/wp\/v2\/media\/33432"}],"wp:attachment":[{"href":"https:\/\/encuentroinformativo.com.mx\/index.php?rest_route=%2Fwp%2Fv2%2Fmedia&parent=33431"}],"wp:term":[{"taxonomy":"category","embeddable":true,"href":"https:\/\/encuentroinformativo.com.mx\/index.php?rest_route=%2Fwp%2Fv2%2Fcategories&post=33431"},{"taxonomy":"post_tag","embeddable":true,"href":"https:\/\/encuentroinformativo.com.mx\/index.php?rest_route=%2Fwp%2Fv2%2Ftags&post=33431"}],"curies":[{"name":"wp","href":"https:\/\/api.w.org\/{rel}","templated":true}]}}