{"id":33438,"date":"2022-11-08T16:49:07","date_gmt":"2022-11-08T22:49:07","guid":{"rendered":"https:\/\/encuentroinformativo.com.mx\/?p=33438"},"modified":"2022-11-08T16:49:11","modified_gmt":"2022-11-08T22:49:11","slug":"niega-pri-pacto-a-favor-de-reforma-electoral","status":"publish","type":"post","link":"https:\/\/encuentroinformativo.com.mx\/?p=33438","title":{"rendered":"Niega PRI pacto a favor de Reforma Electoral"},"content":{"rendered":"\n<p><strong>Dar\u00edo Pale<\/strong><\/p>\n\n\n\n<p>Xalapa, Ver.- El presidente del Partido Revolucionario Institucional (PRI), en Veracruz Marlon Ram\u00edrez Mar\u00edn rechaz\u00f3 que su partido haya \u201cpactado\u201d con el secretario Ad\u00e1n Augusto L\u00f3pez Hern\u00e1ndez, para votar a favor de la Reforma Electoral, ni con el presidente de M\u00e9xico Andr\u00e9s Manuel L\u00f3pez Obrador.<\/p>\n\n\n\n<p>En entrevista el l\u00edder estatal y tambi\u00e9n diputado local defendi\u00f3 a su dirigencia nacional del tricolor, y reproch\u00f3 a Movimiento Ciudadano que intente desacreditar al partido, afirmando que hay un pacto pol\u00edtico para sacar la pol\u00e9mica reforma electoral.<\/p>\n\n\n\n<p>Diputados de Movimiento Ciudadano acusaron que el PRI ya pact\u00f3 la reforma electoral con Morena y se aprobar\u00e1 antes de que concluya este a\u00f1o.<\/p>\n\n\n\n<p>El partido naranja valor\u00f3 como \u201cretr\u00f3grada\u201d la propuesta de L\u00f3pez Obrador, quien quiere tomar el control del INE y de los tribunales.<\/p>\n\n\n\n<p>\u201cQuien lo dice es un integrante del partido Movimiento Ciudadano, que es finalmente el causante de que en las C\u00e1maras no tenga mayor\u00eda el bloque opositor, y lo dice el que integra un partido pol\u00edtico que est\u00e1 nutrido de priistas, y lo dice un partido que no tiene estructura pol\u00edtica y lo \u00fanico que tiene es una cancioncita y un dirigente que lleva a\u00f1os, y es due\u00f1o del partido\u201d.<\/p>\n\n\n\n<p>Contrario a MC, dijo, el PRI tiene la madurez pol\u00edtica para sentarse a negociar y lo hacen de frente, sin embargo, hay otros que lo hacen en lo oscuro. \u201cYo los exhortar\u00eda a que asumi\u00e9ramos la mayor\u00eda de edad pol\u00edtica y que fu\u00e9ramos serios y congruentes\u201d.<\/p>\n\n\n\n<p>Reiter\u00f3 que la reforma, tal como est\u00e1 presentada en este momento no va a ser apoyada por el tricolor, \u201clo que no quiere decir que, no se tiene la obligaci\u00f3n en C\u00e1maras, de discutir las propuestas\u201d.\u00a0<\/p>\n\n\n\n<p>Finalmente cabe se\u00f1alar que por lo anterior que calific\u00f3 de il\u00f3gico y rid\u00edculo que se satanice el trabajo de legislar, que implica analizar las propuestas, y en todo caso hacer algunas modificaciones para sacar adelante, si es que se quiere, la reforma pol\u00edtico electoral.<\/p>\n","protected":false},"excerpt":{"rendered":"<p>Dar\u00edo Pale Xalapa, Ver.- El presidente del Partido Revolucionario Institucional (PRI), en Veracruz Marlon Ram\u00edrez Mar\u00edn rechaz\u00f3 que su partido haya \u201cpactado\u201d con el secretario Ad\u00e1n Augusto L\u00f3pez Hern\u00e1ndez, para votar a favor de la Reforma Electoral, ni con el presidente de M\u00e9xico Andr\u00e9s Manuel L\u00f3pez Obrador. En entrevista el l\u00edder estatal y tambi\u00e9n diputado [&hellip;]<\/p>\n","protected":false},"author":1,"featured_media":33439,"comment_status":"open","ping_status":"open","sticky":false,"template":"","format":"standard","meta":{"_jetpack_memberships_contains_paid_content":false,"footnotes":""},"categories":[2],"tags":[],"class_list":["post-33438","post","type-post","status-publish","format-standard","has-post-thumbnail","hentry","category-estado"],"jetpack_featured_media_url":"https:\/\/encuentroinformativo.com.mx\/wp-content\/uploads\/2022\/11\/94053D95-E9ED-4AF1-8F26-FBD144E4FC78.jpeg","jetpack_sharing_enabled":true,"jetpack_likes_enabled":true,"amp_enabled":true,"_links":{"self":[{"href":"https:\/\/encuentroinformativo.com.mx\/index.php?rest_route=\/wp\/v2\/posts\/33438","targetHints":{"allow":["GET"]}}],"collection":[{"href":"https:\/\/encuentroinformativo.com.mx\/index.php?rest_route=\/wp\/v2\/posts"}],"about":[{"href":"https:\/\/encuentroinformativo.com.mx\/index.php?rest_route=\/wp\/v2\/types\/post"}],"author":[{"embeddable":true,"href":"https:\/\/encuentroinformativo.com.mx\/index.php?rest_route=\/wp\/v2\/users\/1"}],"replies":[{"embeddable":true,"href":"https:\/\/encuentroinformativo.com.mx\/index.php?rest_route=%2Fwp%2Fv2%2Fcomments&post=33438"}],"version-history":[{"count":1,"href":"https:\/\/encuentroinformativo.com.mx\/index.php?rest_route=\/wp\/v2\/posts\/33438\/revisions"}],"predecessor-version":[{"id":33440,"href":"https:\/\/encuentroinformativo.com.mx\/index.php?rest_route=\/wp\/v2\/posts\/33438\/revisions\/33440"}],"wp:featuredmedia":[{"embeddable":true,"href":"https:\/\/encuentroinformativo.com.mx\/index.php?rest_route=\/wp\/v2\/media\/33439"}],"wp:attachment":[{"href":"https:\/\/encuentroinformativo.com.mx\/index.php?rest_route=%2Fwp%2Fv2%2Fmedia&parent=33438"}],"wp:term":[{"taxonomy":"category","embeddable":true,"href":"https:\/\/encuentroinformativo.com.mx\/index.php?rest_route=%2Fwp%2Fv2%2Fcategories&post=33438"},{"taxonomy":"post_tag","embeddable":true,"href":"https:\/\/encuentroinformativo.com.mx\/index.php?rest_route=%2Fwp%2Fv2%2Ftags&post=33438"}],"curies":[{"name":"wp","href":"https:\/\/api.w.org\/{rel}","templated":true}]}}