{"id":33441,"date":"2022-11-08T17:06:41","date_gmt":"2022-11-08T23:06:41","guid":{"rendered":"https:\/\/encuentroinformativo.com.mx\/?p=33441"},"modified":"2022-11-08T17:06:45","modified_gmt":"2022-11-08T23:06:45","slug":"padres-solicitan-a-maestros-reanudar-clases","status":"publish","type":"post","link":"https:\/\/encuentroinformativo.com.mx\/?p=33441","title":{"rendered":"Padres solicitan a maestros reanudar clases"},"content":{"rendered":"\n<p><strong>Juan Arcos <\/strong><\/p>\n\n\n\n<p>Xalapa, Ver.- Madres y padres de familia reprobaron que los docentes tomaran por segundo d\u00eda consecutivo diversas escuelas en esta ciudad de Xalapa, afectando el desarrollo acad\u00e9mico de los estudiantes.<\/p>\n\n\n\n<p>Las personas recordaron que sus hijos estuvieron m\u00e1s de dos a\u00f1os sin clases presenciales por la pandemia del Sars-Cov2 (Covid-19) y ahora tambi\u00e9n est\u00e1n siendo afectados por el paro laboral que realizan los profesores para exigir el pago del incremento salarial del uno, dos y tres por ciento.<\/p>\n\n\n\n<p>De acuerdo con Valeria Carmona, madre de un alumno de primaria que se qued\u00f3 sin clases, los docentes est\u00e1n afectando el rendimiento acad\u00e9mico de los alumnos, a pesar de que las autoridades estatales ya se comprometieron a atender sus demandas y pagarles.<\/p>\n\n\n\n<p>\u201cEst\u00e1 feo que los ni\u00f1os sigan sin tomar sus clases como deber\u00edan. Hay varias escuelas que no tuvieron clases, tampoco en el preescolar\u201d, expres\u00f3.<\/p>\n\n\n\n<p>Las mam\u00e1s y pap\u00e1s est\u00e1n en la incertidumbre, pues les han informado que a\u00fan se desconoce si ser\u00e1n reanudadas las clases durante el mi\u00e9rcoles 9 de noviembre.<\/p>\n\n\n\n<p>\u201cLe coment\u00e9 a la vocal que mi hijo no va adelantado como otros ni\u00f1os, siento que se atrasan, mi hijo se atrasa y otros pap\u00e1s comentaban que los docentes al menos mandaran actividades para que los alumnos las realizaran en casa\u201d.<\/p>\n\n\n\n<p>Las madres y padres de familia pidieron a los docentes que vuelvan a las aulas lo antes posible para evitar que los estudiantes contin\u00faen perdiendo sus clases.<\/p>\n\n\n\n<p>\u201cDijeron que no va a haber actividades por ahorita, tememos que esto se alargue, seg\u00fan que ma\u00f1ana ya habr\u00e1 clases\u201d, enfatizaron.<\/p>\n\n\n\n<p>Se habla de m\u00e1s de 51 mil docentes, administrativos y personal de apoyo del sistema estatal que esperan su pago del incremento salarial diferenciado en Veracruz.\u00a0<\/p>\n","protected":false},"excerpt":{"rendered":"<p>Juan Arcos Xalapa, Ver.- Madres y padres de familia reprobaron que los docentes tomaran por segundo d\u00eda consecutivo diversas escuelas en esta ciudad de Xalapa, afectando el desarrollo acad\u00e9mico de los estudiantes. Las personas recordaron que sus hijos estuvieron m\u00e1s de dos a\u00f1os sin clases presenciales por la pandemia del Sars-Cov2 (Covid-19) y ahora tambi\u00e9n [&hellip;]<\/p>\n","protected":false},"author":1,"featured_media":33442,"comment_status":"open","ping_status":"open","sticky":false,"template":"","format":"standard","meta":{"_jetpack_memberships_contains_paid_content":false,"footnotes":""},"categories":[3],"tags":[],"class_list":["post-33441","post","type-post","status-publish","format-standard","has-post-thumbnail","hentry","category-xalapa"],"jetpack_featured_media_url":"https:\/\/encuentroinformativo.com.mx\/wp-content\/uploads\/2022\/11\/3B3E26DF-D0B1-4190-8A38-86ACA22C9728.jpeg","jetpack_sharing_enabled":true,"jetpack_likes_enabled":true,"amp_enabled":true,"_links":{"self":[{"href":"https:\/\/encuentroinformativo.com.mx\/index.php?rest_route=\/wp\/v2\/posts\/33441","targetHints":{"allow":["GET"]}}],"collection":[{"href":"https:\/\/encuentroinformativo.com.mx\/index.php?rest_route=\/wp\/v2\/posts"}],"about":[{"href":"https:\/\/encuentroinformativo.com.mx\/index.php?rest_route=\/wp\/v2\/types\/post"}],"author":[{"embeddable":true,"href":"https:\/\/encuentroinformativo.com.mx\/index.php?rest_route=\/wp\/v2\/users\/1"}],"replies":[{"embeddable":true,"href":"https:\/\/encuentroinformativo.com.mx\/index.php?rest_route=%2Fwp%2Fv2%2Fcomments&post=33441"}],"version-history":[{"count":1,"href":"https:\/\/encuentroinformativo.com.mx\/index.php?rest_route=\/wp\/v2\/posts\/33441\/revisions"}],"predecessor-version":[{"id":33443,"href":"https:\/\/encuentroinformativo.com.mx\/index.php?rest_route=\/wp\/v2\/posts\/33441\/revisions\/33443"}],"wp:featuredmedia":[{"embeddable":true,"href":"https:\/\/encuentroinformativo.com.mx\/index.php?rest_route=\/wp\/v2\/media\/33442"}],"wp:attachment":[{"href":"https:\/\/encuentroinformativo.com.mx\/index.php?rest_route=%2Fwp%2Fv2%2Fmedia&parent=33441"}],"wp:term":[{"taxonomy":"category","embeddable":true,"href":"https:\/\/encuentroinformativo.com.mx\/index.php?rest_route=%2Fwp%2Fv2%2Fcategories&post=33441"},{"taxonomy":"post_tag","embeddable":true,"href":"https:\/\/encuentroinformativo.com.mx\/index.php?rest_route=%2Fwp%2Fv2%2Ftags&post=33441"}],"curies":[{"name":"wp","href":"https:\/\/api.w.org\/{rel}","templated":true}]}}