{"id":33449,"date":"2022-11-09T09:52:08","date_gmt":"2022-11-09T15:52:08","guid":{"rendered":"https:\/\/encuentroinformativo.com.mx\/?p=33449"},"modified":"2022-11-09T09:52:12","modified_gmt":"2022-11-09T15:52:12","slug":"claudia-y-ariadna","status":"publish","type":"post","link":"https:\/\/encuentroinformativo.com.mx\/?p=33449","title":{"rendered":"CLAUDIA Y ARIADNA"},"content":{"rendered":"\n<p><strong>Los Pol\u00edticos<\/strong><\/p>\n\n\n\n<p><strong>Salvador Mu\u00f1oz<\/strong><\/p>\n\n\n\n<p>Si Claudia Sheinbaum tumba al Fiscal de Morelos, Uriel Carmona G\u00e1ndara, independientemente del acto de justicia que hay en el feminicidio de la joven Ariadna, los bonos de la Jefa de Gobierno de la Ciudad de M\u00e9xico subir\u00e1n como espuma\u2026 pero a qu\u00e9 costo?<\/p>\n\n\n\n<p>La declaraci\u00f3n de Claudia Sheinbaum contra el Fiscal de Morelos es demasiado seria y si me apuran, hasta valiente, osada, arriesgada\u2026<\/p>\n\n\n\n<p>Vamos por partes:<\/p>\n\n\n\n<p>La Fiscal\u00eda de la Ciudad de M\u00e9xico, al hacer otra autopsia, tira, echa abajo, la hip\u00f3tesis del Fiscal Carmona G\u00e1ndara, quien hab\u00eda cerrado el caso de Ariadna con una Broncoaspiraci\u00f3n Et\u00edlica, dejando de lado las condiciones y el lugar en que fue hallado su cuerpo y sin tomar en cuenta todo el dolor que pudo ocasionar a familiares y amigos con ese \u201cveredicto\u201d&#8230; en pocas palabras, el fiscal de Morelos dijo que Ariadna muri\u00f3 ahogada en alcohol\u2026<\/p>\n\n\n\n<p>A petici\u00f3n de los familiares de Ariadna, la Fiscal\u00eda hace otro examen y da otra hip\u00f3tesis: la causa del deceso de la joven, trauma m\u00faltiple\u2026<\/p>\n\n\n\n<p>Esta posici\u00f3n de la Fiscal\u00eda de la Ciudad de M\u00e9xico no s\u00f3lo exhibe negligencia por parte de su hom\u00f3loga de Morelos sino algo m\u00e1s: buscaban proteger a alguien\u2026<\/p>\n\n\n\n<p>El halo protector de manera inmediata se enfoca a un sujeto: Rautel N, quien junto con su novia Vanessa N, son captados por videoc\u00e1maras en las \u00faltimas horas de Ariadna, incluso, cuando \u00e9l sube el cuerpo a un veh\u00edculo.<\/p>\n\n\n\n<p>Rautel, de acuerdo a las \u00faltimas notas expuestas, es identificado como un presunto narcomenudista que hac\u00eda sus bisnes en aquel sal\u00f3n Sixtie\u2019s de donde sali\u00f3 con un grupo de amigos, su novia Vanessa y Ariadna\u2026 Rautel tuvo la suficiente sangre fr\u00eda para acudir al velorio de Ariadna\u2026 se supone que Rautel huye a Nuevo Le\u00f3n donde se entreg\u00f3 a las autoridades en cuanto supo \u201cque era buscado\u201d&#8230;<\/p>\n\n\n\n<p>Atendiendo la hip\u00f3tesis de Claudia Sheinbaum (\u201cEl Fiscal General de Justicia del Estado de Morelos est\u00e1 encubriendo y tratando de tapar un feminicidio\u201d), realmente de qu\u00e9 tama\u00f1o debe ser Rautel para que un Fiscal desmorone a toda una instituci\u00f3n y sin importarle nada, o arriesgando todo, se lleve entre las patas a la Fiscal de Feminicidios en Morelos\u2026 al coordinador de Servicios Periciales\u2026 el m\u00e9dico legista\u2026 los laboratoristas\u2026 el servicio m\u00e9dico forense\u2026&nbsp;<\/p>\n\n\n\n<p>Por eso uno se hace varias preguntas: \u00bfQui\u00e9n es Rautel? \u00bfQu\u00e9 tan importante puede ser para que un Fiscal tuerza ciencia y leyes para favorecerlo? \u00bfQu\u00e9 tanto poder tiene \u00e9l o sus patrones que est\u00e1n por encima de las autoridades judiciales?<\/p>\n\n\n\n<p>Se insiste por eso, que las declaraciones de Claudia Sheinbaum son extremadamente valientes porque el asunto no es contra un Fiscal, sino contra quien est\u00e1 detr\u00e1s del Fiscal dictando los resultados de una autopsia\u2026<\/p>\n\n\n\n<p>Al inicio de estas l\u00edneas, si se dice que \u201csi Sheinbaum tumba al fiscal\u201d es porque es insostenible mantenerlo; la l\u00f3gica invita a destituirlo e investigarlo ante la sospecha de que hayan pasado por sus manos m\u00e1s casos o diferentes al de Ariadna y su conclusi\u00f3n haya sido \u201cCaso cerrado\u201d&#8230;<\/p>\n\n\n\n<p>Y al inicio de estas l\u00edneas igual se supone que si hay justicia para Ariadna, es decir, sus homicidas pisan la c\u00e1rcel, y por ende, su protector inmediato, a nivel nacional Sheinbaum habr\u00e1 dado un pasito, similar al de Neil Armstrong\u2026 de ese tama\u00f1o pol\u00edticamente hablando\u2026 \u00a1ojal\u00e1! No tanto por Claudia, s\u00ed mucho por Ariadna\u2026 aunque la duda se mantiene latente: Qui\u00e9n es Rautel\u2026 o peor a\u00fan: qui\u00e9n est\u00e1 detr\u00e1s de Rautel\u2026<\/p>\n","protected":false},"excerpt":{"rendered":"<p>Los Pol\u00edticos Salvador Mu\u00f1oz Si Claudia Sheinbaum tumba al Fiscal de Morelos, Uriel Carmona G\u00e1ndara, independientemente del acto de justicia que hay en el feminicidio de la joven Ariadna, los bonos de la Jefa de Gobierno de la Ciudad de M\u00e9xico subir\u00e1n como espuma\u2026 pero a qu\u00e9 costo? La declaraci\u00f3n de Claudia Sheinbaum contra el [&hellip;]<\/p>\n","protected":false},"author":1,"featured_media":387,"comment_status":"open","ping_status":"open","sticky":false,"template":"","format":"standard","meta":{"_jetpack_memberships_contains_paid_content":false,"footnotes":""},"categories":[11],"tags":[],"class_list":["post-33449","post","type-post","status-publish","format-standard","has-post-thumbnail","hentry","category-opinion"],"jetpack_featured_media_url":"https:\/\/encuentroinformativo.com.mx\/wp-content\/uploads\/2020\/03\/7CF8A22B-2764-47BE-8F7F-38FE9E5D6A2F.jpeg","jetpack_sharing_enabled":true,"jetpack_likes_enabled":true,"amp_enabled":true,"_links":{"self":[{"href":"https:\/\/encuentroinformativo.com.mx\/index.php?rest_route=\/wp\/v2\/posts\/33449","targetHints":{"allow":["GET"]}}],"collection":[{"href":"https:\/\/encuentroinformativo.com.mx\/index.php?rest_route=\/wp\/v2\/posts"}],"about":[{"href":"https:\/\/encuentroinformativo.com.mx\/index.php?rest_route=\/wp\/v2\/types\/post"}],"author":[{"embeddable":true,"href":"https:\/\/encuentroinformativo.com.mx\/index.php?rest_route=\/wp\/v2\/users\/1"}],"replies":[{"embeddable":true,"href":"https:\/\/encuentroinformativo.com.mx\/index.php?rest_route=%2Fwp%2Fv2%2Fcomments&post=33449"}],"version-history":[{"count":1,"href":"https:\/\/encuentroinformativo.com.mx\/index.php?rest_route=\/wp\/v2\/posts\/33449\/revisions"}],"predecessor-version":[{"id":33450,"href":"https:\/\/encuentroinformativo.com.mx\/index.php?rest_route=\/wp\/v2\/posts\/33449\/revisions\/33450"}],"wp:featuredmedia":[{"embeddable":true,"href":"https:\/\/encuentroinformativo.com.mx\/index.php?rest_route=\/wp\/v2\/media\/387"}],"wp:attachment":[{"href":"https:\/\/encuentroinformativo.com.mx\/index.php?rest_route=%2Fwp%2Fv2%2Fmedia&parent=33449"}],"wp:term":[{"taxonomy":"category","embeddable":true,"href":"https:\/\/encuentroinformativo.com.mx\/index.php?rest_route=%2Fwp%2Fv2%2Fcategories&post=33449"},{"taxonomy":"post_tag","embeddable":true,"href":"https:\/\/encuentroinformativo.com.mx\/index.php?rest_route=%2Fwp%2Fv2%2Ftags&post=33449"}],"curies":[{"name":"wp","href":"https:\/\/api.w.org\/{rel}","templated":true}]}}