{"id":33451,"date":"2022-11-09T12:06:25","date_gmt":"2022-11-09T18:06:25","guid":{"rendered":"https:\/\/encuentroinformativo.com.mx\/?p=33451"},"modified":"2022-11-09T12:06:28","modified_gmt":"2022-11-09T18:06:28","slug":"amagan-estudiantes-con-protestas-simultaneas","status":"publish","type":"post","link":"https:\/\/encuentroinformativo.com.mx\/?p=33451","title":{"rendered":"Amagan estudiantes con protestas simult\u00e1neas"},"content":{"rendered":"\n<p><strong>Dar\u00edo Pale<\/strong><\/p>\n\n\n\n<p>Xalapa, Ver.- Integrantes de la Federaci\u00f3n Nacional de Estudiantes Revolucionarios &#8220;Rafael Ram\u00edrez&#8221;, dieron a conocer que movilizar\u00e1n 3 mil estudiantes en la Ciudad de M\u00e9xico y manifestaciones simult\u00e1neas en todo el pa\u00eds en contra de una asignaci\u00f3n clientelar del Presupuesto de Egresos de la Federaci\u00f3n (PEF) 2023 en materia educativa, por lo que realizar\u00e1n cadenas humanas.<\/p>\n\n\n\n<p>En conferencia de prensa, calificaron la asignaci\u00f3n del PEF en materia educativa como &#8220;clientelar&#8221; y la actitud de la Secretar\u00eda de Educaci\u00f3n P\u00fablica (SEP) de un &#8220;desconocimiento ama\u00f1ado&#8221; de la necesidad de invertir en el rescate de la educaci\u00f3n de los y las mexicanas que desertaron en la pandemia.<\/p>\n\n\n\n<p>De acuerdo con el portal del IMCO, el aumento del PEF se centra en programas clientelares: La Escuela es Nuestra (+87.7%), Universidades para el Bienestar Benito Ju\u00e1rez (+39.6%) y Becas para el Bienestar en Educaci\u00f3n Media Superior (+5.5%). No se destina recursos a la recuperaci\u00f3n de alumnos que desertaron, ni a la recuperaci\u00f3n de aprendizajes perdidos por la pandemia.<\/p>\n\n\n\n<p>Ad\u00e1n M\u00e1rquez Vicente, l\u00edder nacional de la FNERRR, explic\u00f3 que el PEF 2023 en su conjunto, a pesar de ser 8,299,647 mdp es insuficiente.<\/p>\n\n\n\n<p>&#8220;En cuanto a la inversi\u00f3n de la educaci\u00f3n, las autoridades no tomaron en cuenta los m\u00e1s de 5.2 millones de personas desertaron de las escuelas por motivos asociados a la Covid-19 o por falta de recursos para continuar con las clases&#8221;, coment\u00f3.<\/p>\n\n\n\n<p>De igual manera, los j\u00f3venes de la agrupaci\u00f3n estudiantil denunciaron que la destinaci\u00f3n del PEF en materia educativa tampoco asigna recursos a la recuperaci\u00f3n de aprendizajes perdidos en el periodo de pandemia, calificando de irracional e injusto dicha medida.<\/p>\n\n\n\n<p>&#8220;\u00a1Esto es un verdadero atropello por parte de la 4T! El dinero que viene de nuestros impuestos, de los impuestos del pueblo, debe destinarse a \u00e9l y a la educaci\u00f3n de sus hijos; fueron precisamente los hijos de los trabajadores del pa\u00eds los que no pudieron seguir con su educaci\u00f3n&#8221;, se\u00f1al\u00f3.<\/p>\n\n\n\n<p>La agrupaci\u00f3n estudiantil consider\u00f3 que la decisi\u00f3n es clientelar y abusiva, pues el programa La Escuela es Nuestra (que tiene mayor incremento en su asignaci\u00f3n) es manejado por la Secretaria del Bienestar, que en palabras del presidente &#8220;entrega de manera directa los apoyos&#8221;.<\/p>\n\n\n\n<p>Dicho programa es opaco en la rendici\u00f3n de cuentas, ya que de acuerdo con la Auditor\u00eda Superior de la Federaci\u00f3n (ASF) en 2020, mil 757 planteles no comprobaron el gasto en infraestructura y equipamiento de las escuelas, por m\u00e1s de 573 millones 605 pesos.<\/p>\n\n\n\n<p>Asimismo, a cuatro a\u00f1os de haber sido lanzadas, las Universidades para el Bienestar Benito Ju\u00e1rez no tienen instalaciones adecuadas, les hacen falta docentes y no reciben completo el presupuesto que les asigna el PEF.\u00a0<br>S\u00f3lo entre 2019 y 2022, las universidades reportaron haber recibido s\u00f3lo el 64% de los recursos aprobados.<\/p>\n\n\n\n<p>Al respecto, Ad\u00e1n M\u00e1rquez declar\u00f3 que la organizaci\u00f3n de estudiantes presentar\u00e1 un pliego de demandas de infraestructura, becas y otros servicios para los m\u00e1s de 442 escuelas de todo el pa\u00eds, tanto en la SEP como en Palacio Nacional.<\/p>\n\n\n\n<p>&#8220;En el documento se levantaron las demandas m\u00e1s sentidas de los estudiantes, de los estudiantes m\u00e1s pobres del pa\u00eds, desde Baja California hasta Quintana Roo. Pedimos atentamente a los diputados que se revise el destino del PEF 2023 en materia educativa&#8221;, inform\u00f3.<\/p>\n\n\n\n<p>La dirigencia nacional de la FNERRR llam\u00f3 a una protesta con cadenas humanas el pr\u00f3ximo jueves 10 de noviembre, en las principales avenidas, parques y plazas de las capitales del pa\u00eds.<\/p>\n\n\n\n<p>Finalmente se\u00f1al\u00f3 que, &#8220;ya que es urgente hacerle ver al pueblo mexicano que este atentado es parte de la pol\u00edtica obradorista abusiva, insensible y clientelar que tiene un objetivo claro: los comicios electorales del 2024. Salgamos a protestar en defensa de un PEF 2023 para la educaci\u00f3n, alcemos la voz colectiva por todos los menores que no son votantes y se est\u00e1n atropellando sus derechos b\u00e1sicos&#8221;.<\/p>\n","protected":false},"excerpt":{"rendered":"<p>Dar\u00edo Pale Xalapa, Ver.- Integrantes de la Federaci\u00f3n Nacional de Estudiantes Revolucionarios &#8220;Rafael Ram\u00edrez&#8221;, dieron a conocer que movilizar\u00e1n 3 mil estudiantes en la Ciudad de M\u00e9xico y manifestaciones simult\u00e1neas en todo el pa\u00eds en contra de una asignaci\u00f3n clientelar del Presupuesto de Egresos de la Federaci\u00f3n (PEF) 2023 en materia educativa, por lo que [&hellip;]<\/p>\n","protected":false},"author":1,"featured_media":33452,"comment_status":"open","ping_status":"open","sticky":false,"template":"","format":"standard","meta":{"_jetpack_memberships_contains_paid_content":false,"footnotes":""},"categories":[3],"tags":[],"class_list":["post-33451","post","type-post","status-publish","format-standard","has-post-thumbnail","hentry","category-xalapa"],"jetpack_featured_media_url":"https:\/\/encuentroinformativo.com.mx\/wp-content\/uploads\/2022\/11\/7F2732FB-032D-4D3A-9C55-C2AAA5C4CF87.jpeg","jetpack_sharing_enabled":true,"jetpack_likes_enabled":true,"amp_enabled":true,"_links":{"self":[{"href":"https:\/\/encuentroinformativo.com.mx\/index.php?rest_route=\/wp\/v2\/posts\/33451","targetHints":{"allow":["GET"]}}],"collection":[{"href":"https:\/\/encuentroinformativo.com.mx\/index.php?rest_route=\/wp\/v2\/posts"}],"about":[{"href":"https:\/\/encuentroinformativo.com.mx\/index.php?rest_route=\/wp\/v2\/types\/post"}],"author":[{"embeddable":true,"href":"https:\/\/encuentroinformativo.com.mx\/index.php?rest_route=\/wp\/v2\/users\/1"}],"replies":[{"embeddable":true,"href":"https:\/\/encuentroinformativo.com.mx\/index.php?rest_route=%2Fwp%2Fv2%2Fcomments&post=33451"}],"version-history":[{"count":1,"href":"https:\/\/encuentroinformativo.com.mx\/index.php?rest_route=\/wp\/v2\/posts\/33451\/revisions"}],"predecessor-version":[{"id":33453,"href":"https:\/\/encuentroinformativo.com.mx\/index.php?rest_route=\/wp\/v2\/posts\/33451\/revisions\/33453"}],"wp:featuredmedia":[{"embeddable":true,"href":"https:\/\/encuentroinformativo.com.mx\/index.php?rest_route=\/wp\/v2\/media\/33452"}],"wp:attachment":[{"href":"https:\/\/encuentroinformativo.com.mx\/index.php?rest_route=%2Fwp%2Fv2%2Fmedia&parent=33451"}],"wp:term":[{"taxonomy":"category","embeddable":true,"href":"https:\/\/encuentroinformativo.com.mx\/index.php?rest_route=%2Fwp%2Fv2%2Fcategories&post=33451"},{"taxonomy":"post_tag","embeddable":true,"href":"https:\/\/encuentroinformativo.com.mx\/index.php?rest_route=%2Fwp%2Fv2%2Ftags&post=33451"}],"curies":[{"name":"wp","href":"https:\/\/api.w.org\/{rel}","templated":true}]}}