{"id":3346,"date":"2020-06-15T10:38:28","date_gmt":"2020-06-15T15:38:28","guid":{"rendered":"https:\/\/encuentroinformativo.com\/?p=3346"},"modified":"2020-06-15T10:38:30","modified_gmt":"2020-06-15T15:38:30","slug":"colectivos-reclaman-a-amlo-recursos-para-comision-de-victimas","status":"publish","type":"post","link":"https:\/\/encuentroinformativo.com.mx\/?p=3346","title":{"rendered":"Colectivos reclaman a AMLO recursos para comisi\u00f3n de v\u00edctimas"},"content":{"rendered":"\n<p>Dar\u00edo Pale <\/p>\n\n\n\n<p>Xalapa, Ver.- Colectivos de desaparecidos arribaron a las instalaciones del 63 batall\u00f3n de infanter\u00eda del Ejercito ubicado en Lencero para manifestarse ante la visita del presidente Andr\u00e9s Manuel L\u00f3pez Obrador a Veracruz, con la finalidad de solicitar que los recursos de la Comisi\u00f3n Ejecutiva de Atenci\u00f3n a V\u00edctimas no sean recortados tal como se pretende y que los atiendan.<\/p>\n\n\n\n<p>Por lo anterior desde temprana hora, los integrantes pidieron tanto al gobierno federal como estatal que les apoyen con recursos, pues se les ha informado sobre la reducci\u00f3n del presupuesto para la b\u00fasqueda de desaparecidos.<\/p>\n\n\n\n<p>Cabe mencionar que en el presupuesto de este 2020, recortaron hasta un 60 por ciento el presupuesto para la b\u00fasqueda de personas desaparecidas, por lo que ahora solo cuentan con 126 millones de pesos de los 338 millones con los que contaron en el 2019.<\/p>\n\n\n\n<p>\u201cLe queremos pedir al Presidente que no nos quite el apoyo, que se tiente el coraz\u00f3n como padre que es, que nos ayude y no nos deseche como cualquier objeto\u201c, se\u00f1al\u00f3 Yolanda Esp\u00edritu Mota, del colectivo Buscando a nuestros desaparecidos y desaparecidas.<\/p>\n\n\n\n<p>Adem\u00e1s critic\u00f3 que en el Gobierno de Cuitl\u00e1huac Garc\u00eda los colectivos no son atendidos, y que pareciera qu\u00e9 tal como dijo el Presidente la pandemia \u201cles vino como anillo al dedo\u201c.<\/p>\n\n\n\n<p>\u201cEn el Gobierno nada m\u00e1s nos recibe de vez en cuando y nada m\u00e1s van dos representantes y no nos reciben tampoco y como nos dice el presidente: &#8216;nos cay\u00f3 como anillo al dedo&#8217;, no nos dan nada, estamos solos y queremos encontrar a nuestros hijos&#8221;, se\u00f1al\u00f3.<\/p>\n\n\n\n<p>Por \u00faltimo cabe se\u00f1alar que con mantas con la imagen de sus familiares \u00a0y una mujer que se vend\u00f3 los ojos y se maniat\u00f3 para representar a una persona secuestrada, los colectivos se presentaron durante la visita presidencial.<\/p>\n\n\n\n<p><\/p>\n","protected":false},"excerpt":{"rendered":"<p>Dar\u00edo Pale Xalapa, Ver.- Colectivos de desaparecidos arribaron a las instalaciones del 63 batall\u00f3n de infanter\u00eda del Ejercito ubicado en Lencero para manifestarse ante la visita del presidente Andr\u00e9s Manuel L\u00f3pez Obrador a Veracruz, con la finalidad de solicitar que los recursos de la Comisi\u00f3n Ejecutiva de Atenci\u00f3n a V\u00edctimas no sean recortados tal como [&hellip;]<\/p>\n","protected":false},"author":1,"featured_media":3347,"comment_status":"open","ping_status":"open","sticky":false,"template":"","format":"standard","meta":{"_jetpack_memberships_contains_paid_content":false,"footnotes":""},"categories":[2],"tags":[],"class_list":["post-3346","post","type-post","status-publish","format-standard","has-post-thumbnail","hentry","category-estado"],"jetpack_featured_media_url":"https:\/\/encuentroinformativo.com.mx\/wp-content\/uploads\/2020\/06\/67DBA654-4F2E-4D6C-9283-C38EC7963D98.jpeg","jetpack_sharing_enabled":true,"jetpack_likes_enabled":true,"amp_enabled":true,"_links":{"self":[{"href":"https:\/\/encuentroinformativo.com.mx\/index.php?rest_route=\/wp\/v2\/posts\/3346","targetHints":{"allow":["GET"]}}],"collection":[{"href":"https:\/\/encuentroinformativo.com.mx\/index.php?rest_route=\/wp\/v2\/posts"}],"about":[{"href":"https:\/\/encuentroinformativo.com.mx\/index.php?rest_route=\/wp\/v2\/types\/post"}],"author":[{"embeddable":true,"href":"https:\/\/encuentroinformativo.com.mx\/index.php?rest_route=\/wp\/v2\/users\/1"}],"replies":[{"embeddable":true,"href":"https:\/\/encuentroinformativo.com.mx\/index.php?rest_route=%2Fwp%2Fv2%2Fcomments&post=3346"}],"version-history":[{"count":1,"href":"https:\/\/encuentroinformativo.com.mx\/index.php?rest_route=\/wp\/v2\/posts\/3346\/revisions"}],"predecessor-version":[{"id":3348,"href":"https:\/\/encuentroinformativo.com.mx\/index.php?rest_route=\/wp\/v2\/posts\/3346\/revisions\/3348"}],"wp:featuredmedia":[{"embeddable":true,"href":"https:\/\/encuentroinformativo.com.mx\/index.php?rest_route=\/wp\/v2\/media\/3347"}],"wp:attachment":[{"href":"https:\/\/encuentroinformativo.com.mx\/index.php?rest_route=%2Fwp%2Fv2%2Fmedia&parent=3346"}],"wp:term":[{"taxonomy":"category","embeddable":true,"href":"https:\/\/encuentroinformativo.com.mx\/index.php?rest_route=%2Fwp%2Fv2%2Fcategories&post=3346"},{"taxonomy":"post_tag","embeddable":true,"href":"https:\/\/encuentroinformativo.com.mx\/index.php?rest_route=%2Fwp%2Fv2%2Ftags&post=3346"}],"curies":[{"name":"wp","href":"https:\/\/api.w.org\/{rel}","templated":true}]}}