{"id":33461,"date":"2022-11-09T14:24:33","date_gmt":"2022-11-09T20:24:33","guid":{"rendered":"https:\/\/encuentroinformativo.com.mx\/?p=33461"},"modified":"2022-11-09T14:24:39","modified_gmt":"2022-11-09T20:24:39","slug":"desconfian-docentes-de-autoridades-mantienen-reclamos","status":"publish","type":"post","link":"https:\/\/encuentroinformativo.com.mx\/?p=33461","title":{"rendered":"Desconf\u00edan docentes de autoridades, mantienen reclamos"},"content":{"rendered":"\n<p><strong>Juan Arcos <\/strong><\/p>\n\n\n\n<p>Xalapa, Ver.- Decenas de docentes protestaron frente a Palacio de Gobierno para exigir el pago del incremento salarial del uno, dos y tres por ciento a m\u00e1s tardar el 15 de noviembre.<\/p>\n\n\n\n<p>Los inconformes bloquearon de manera intermitente la calle Juan de la Luz Enr\u00edquez para que sea solucionada la problem\u00e1tica.<\/p>\n\n\n\n<p>Se habla de m\u00e1s de 100 escuelas primarias y preescolares que est\u00e1n tomadas a nivel estatal, desde el pasado lunes 7 de noviembre.<\/p>\n\n\n\n<p>De acuerdo con una profesora de primaria, quien solicit\u00f3 el anonimato por temor a represalias, el paro laboral continuar\u00e1 hasta que el gobierno estatal se comprometa por escrito a pagarles.<\/p>\n\n\n\n<p>Los docentes dicen desconfiar en que las autoridades realmente liberen los pagos a m\u00e1s tardar durante la segunda quincena de diciembre.<\/p>\n\n\n\n<p>\u201cAyer ten\u00edamos contabilizadas casi 100 escuelas en todo el estado que estamos en paro y vamos a seguir. Hemos estado e comunicacion con compa\u00f1eros de todo el estado\u201d, expres\u00f3 la catedr\u00e1tica.<\/p>\n\n\n\n<p>Son m\u00e1s de 50 mil profesores, administrativos y personal de apoyo quienes est\u00e1n siendo afectados por el atraso de dicho pago.<\/p>\n\n\n\n<p>En el centro de la ciudad est\u00e1n tomadas las primarias \u201cEnrique C. Rebsamen\u201d, \u201cManuel de Boza\u201d, \u201cJosefa Ortiz de Dom\u00ednguez\u201d, \u201cSalvador D\u00edaz Mir\u00f3n\u201d y el preescolar \u201cEsperanza Osorio\u201d, por mencionar algunos planteles.<\/p>\n\n\n\n<p>Los quejosos amagaron con mantener las protestas hasta que las autoridades les den una respuesta favorable.<\/p>\n\n\n\n<figure class=\"wp-block-image size-large\"><img loading=\"lazy\" decoding=\"async\" width=\"1024\" height=\"683\" src=\"https:\/\/encuentroinformativo.com.mx\/wp-content\/uploads\/2022\/11\/970F8B8A-2DEC-4CCB-BE0E-2A18C64C0ED9-1024x683.jpeg\" alt=\"\" class=\"wp-image-33463\" srcset=\"https:\/\/encuentroinformativo.com.mx\/wp-content\/uploads\/2022\/11\/970F8B8A-2DEC-4CCB-BE0E-2A18C64C0ED9-1024x683.jpeg 1024w, https:\/\/encuentroinformativo.com.mx\/wp-content\/uploads\/2022\/11\/970F8B8A-2DEC-4CCB-BE0E-2A18C64C0ED9-300x200.jpeg 300w, https:\/\/encuentroinformativo.com.mx\/wp-content\/uploads\/2022\/11\/970F8B8A-2DEC-4CCB-BE0E-2A18C64C0ED9-768x512.jpeg 768w, https:\/\/encuentroinformativo.com.mx\/wp-content\/uploads\/2022\/11\/970F8B8A-2DEC-4CCB-BE0E-2A18C64C0ED9.jpeg 1488w\" sizes=\"auto, (max-width: 1024px) 100vw, 1024px\" \/><\/figure>\n\n\n\n<figure class=\"wp-block-image size-large\"><img loading=\"lazy\" decoding=\"async\" width=\"1024\" height=\"683\" src=\"https:\/\/encuentroinformativo.com.mx\/wp-content\/uploads\/2022\/11\/481BC05A-9813-4096-AE4B-8E377E3DA5EE-1024x683.jpeg\" alt=\"\" class=\"wp-image-33464\" srcset=\"https:\/\/encuentroinformativo.com.mx\/wp-content\/uploads\/2022\/11\/481BC05A-9813-4096-AE4B-8E377E3DA5EE-1024x683.jpeg 1024w, https:\/\/encuentroinformativo.com.mx\/wp-content\/uploads\/2022\/11\/481BC05A-9813-4096-AE4B-8E377E3DA5EE-300x200.jpeg 300w, https:\/\/encuentroinformativo.com.mx\/wp-content\/uploads\/2022\/11\/481BC05A-9813-4096-AE4B-8E377E3DA5EE-768x512.jpeg 768w, https:\/\/encuentroinformativo.com.mx\/wp-content\/uploads\/2022\/11\/481BC05A-9813-4096-AE4B-8E377E3DA5EE.jpeg 1488w\" sizes=\"auto, (max-width: 1024px) 100vw, 1024px\" \/><\/figure>\n","protected":false},"excerpt":{"rendered":"<p>Juan Arcos Xalapa, Ver.- Decenas de docentes protestaron frente a Palacio de Gobierno para exigir el pago del incremento salarial del uno, dos y tres por ciento a m\u00e1s tardar el 15 de noviembre. Los inconformes bloquearon de manera intermitente la calle Juan de la Luz Enr\u00edquez para que sea solucionada la problem\u00e1tica. Se habla [&hellip;]<\/p>\n","protected":false},"author":1,"featured_media":33462,"comment_status":"open","ping_status":"open","sticky":false,"template":"","format":"standard","meta":{"_jetpack_memberships_contains_paid_content":false,"footnotes":""},"categories":[2],"tags":[],"class_list":["post-33461","post","type-post","status-publish","format-standard","has-post-thumbnail","hentry","category-estado"],"jetpack_featured_media_url":"https:\/\/encuentroinformativo.com.mx\/wp-content\/uploads\/2022\/11\/4A1C5650-D3F5-4E3B-8550-09B4AAFE7ED5.jpeg","jetpack_sharing_enabled":true,"jetpack_likes_enabled":true,"amp_enabled":true,"_links":{"self":[{"href":"https:\/\/encuentroinformativo.com.mx\/index.php?rest_route=\/wp\/v2\/posts\/33461","targetHints":{"allow":["GET"]}}],"collection":[{"href":"https:\/\/encuentroinformativo.com.mx\/index.php?rest_route=\/wp\/v2\/posts"}],"about":[{"href":"https:\/\/encuentroinformativo.com.mx\/index.php?rest_route=\/wp\/v2\/types\/post"}],"author":[{"embeddable":true,"href":"https:\/\/encuentroinformativo.com.mx\/index.php?rest_route=\/wp\/v2\/users\/1"}],"replies":[{"embeddable":true,"href":"https:\/\/encuentroinformativo.com.mx\/index.php?rest_route=%2Fwp%2Fv2%2Fcomments&post=33461"}],"version-history":[{"count":1,"href":"https:\/\/encuentroinformativo.com.mx\/index.php?rest_route=\/wp\/v2\/posts\/33461\/revisions"}],"predecessor-version":[{"id":33465,"href":"https:\/\/encuentroinformativo.com.mx\/index.php?rest_route=\/wp\/v2\/posts\/33461\/revisions\/33465"}],"wp:featuredmedia":[{"embeddable":true,"href":"https:\/\/encuentroinformativo.com.mx\/index.php?rest_route=\/wp\/v2\/media\/33462"}],"wp:attachment":[{"href":"https:\/\/encuentroinformativo.com.mx\/index.php?rest_route=%2Fwp%2Fv2%2Fmedia&parent=33461"}],"wp:term":[{"taxonomy":"category","embeddable":true,"href":"https:\/\/encuentroinformativo.com.mx\/index.php?rest_route=%2Fwp%2Fv2%2Fcategories&post=33461"},{"taxonomy":"post_tag","embeddable":true,"href":"https:\/\/encuentroinformativo.com.mx\/index.php?rest_route=%2Fwp%2Fv2%2Ftags&post=33461"}],"curies":[{"name":"wp","href":"https:\/\/api.w.org\/{rel}","templated":true}]}}