{"id":33466,"date":"2022-11-09T14:32:31","date_gmt":"2022-11-09T20:32:31","guid":{"rendered":"https:\/\/encuentroinformativo.com.mx\/?p=33466"},"modified":"2022-11-09T14:32:35","modified_gmt":"2022-11-09T20:32:35","slug":"invitan-a-feria-xalapena-del-libro","status":"publish","type":"post","link":"https:\/\/encuentroinformativo.com.mx\/?p=33466","title":{"rendered":"Invitan a Feria Xalape\u00f1a del Libro"},"content":{"rendered":"\n<p>Xalapa, Ver. &#8211; Eligio Ram\u00edrez R\u00edos de la librer\u00eda <em>La Rueca de Gandhi<\/em>, invit\u00f3 a la edici\u00f3n XV Feria Xalape\u00f1a del Libro que se realizar\u00e1 en el parque Ju\u00e1rez del 10 al 19 de noviembre.<\/p>\n\n\n\n<p>En conferencia de prensa se\u00f1al\u00f3 que esta actividad tiene como prop\u00f3sito fomentar la lectura a trav\u00e9s de una amplia exposici\u00f3n y venta de libros, asi como con un nutrido programa de actividades culturales y art\u00edsticas.\u00a0<\/p>\n","protected":false},"excerpt":{"rendered":"<p>Xalapa, Ver. &#8211; Eligio Ram\u00edrez R\u00edos de la librer\u00eda La Rueca de Gandhi, invit\u00f3 a la edici\u00f3n XV Feria Xalape\u00f1a del Libro que se realizar\u00e1 en el parque Ju\u00e1rez del 10 al 19 de noviembre. En conferencia de prensa se\u00f1al\u00f3 que esta actividad tiene como prop\u00f3sito fomentar la lectura a trav\u00e9s de una amplia exposici\u00f3n [&hellip;]<\/p>\n","protected":false},"author":1,"featured_media":33467,"comment_status":"open","ping_status":"open","sticky":false,"template":"","format":"standard","meta":{"_jetpack_memberships_contains_paid_content":false,"footnotes":""},"categories":[3],"tags":[],"class_list":["post-33466","post","type-post","status-publish","format-standard","has-post-thumbnail","hentry","category-xalapa"],"jetpack_featured_media_url":"https:\/\/encuentroinformativo.com.mx\/wp-content\/uploads\/2022\/11\/FBE424A1-427C-4F51-AA7F-144D9F13A70C.jpeg","jetpack_sharing_enabled":true,"jetpack_likes_enabled":true,"amp_enabled":true,"_links":{"self":[{"href":"https:\/\/encuentroinformativo.com.mx\/index.php?rest_route=\/wp\/v2\/posts\/33466","targetHints":{"allow":["GET"]}}],"collection":[{"href":"https:\/\/encuentroinformativo.com.mx\/index.php?rest_route=\/wp\/v2\/posts"}],"about":[{"href":"https:\/\/encuentroinformativo.com.mx\/index.php?rest_route=\/wp\/v2\/types\/post"}],"author":[{"embeddable":true,"href":"https:\/\/encuentroinformativo.com.mx\/index.php?rest_route=\/wp\/v2\/users\/1"}],"replies":[{"embeddable":true,"href":"https:\/\/encuentroinformativo.com.mx\/index.php?rest_route=%2Fwp%2Fv2%2Fcomments&post=33466"}],"version-history":[{"count":1,"href":"https:\/\/encuentroinformativo.com.mx\/index.php?rest_route=\/wp\/v2\/posts\/33466\/revisions"}],"predecessor-version":[{"id":33468,"href":"https:\/\/encuentroinformativo.com.mx\/index.php?rest_route=\/wp\/v2\/posts\/33466\/revisions\/33468"}],"wp:featuredmedia":[{"embeddable":true,"href":"https:\/\/encuentroinformativo.com.mx\/index.php?rest_route=\/wp\/v2\/media\/33467"}],"wp:attachment":[{"href":"https:\/\/encuentroinformativo.com.mx\/index.php?rest_route=%2Fwp%2Fv2%2Fmedia&parent=33466"}],"wp:term":[{"taxonomy":"category","embeddable":true,"href":"https:\/\/encuentroinformativo.com.mx\/index.php?rest_route=%2Fwp%2Fv2%2Fcategories&post=33466"},{"taxonomy":"post_tag","embeddable":true,"href":"https:\/\/encuentroinformativo.com.mx\/index.php?rest_route=%2Fwp%2Fv2%2Ftags&post=33466"}],"curies":[{"name":"wp","href":"https:\/\/api.w.org\/{rel}","templated":true}]}}