{"id":33469,"date":"2022-11-09T17:26:05","date_gmt":"2022-11-09T23:26:05","guid":{"rendered":"https:\/\/encuentroinformativo.com.mx\/?p=33469"},"modified":"2022-11-09T17:26:11","modified_gmt":"2022-11-09T23:26:11","slug":"esperan-15-mil-personas-a-festejos-de-estadio-xalapeno","status":"publish","type":"post","link":"https:\/\/encuentroinformativo.com.mx\/?p=33469","title":{"rendered":"Esperan 15 mil personas a festejos de Estadio Xalape\u00f1o"},"content":{"rendered":"\n<p><strong>Juan Arcos<\/strong><\/p>\n\n\n\n<p>Xalapa, Ver.- Se espera que cerca de 15 mil personas acudan al Estadio Xalape\u00f1o \u201cHeriberto Jara Corona\u201d este fin de semana durante el evento \u201cSoy la fiesta\u201d que contempla actividades culturales, art\u00edsticas y empresariales.<\/p>\n\n\n\n<p>Se trata de un festival del Consejo Empresarial Metropolitano (CEM) en coordinaci\u00f3n con la Secretar\u00eda de Desarrollo Econ\u00f3mico y Portuario (Sedecop) y Ayuntamiento de Xalapa, rumbo a los 100 a\u00f1os del Estadio Xalape\u00f1o.<\/p>\n\n\n\n<p>De acuerdo con Mauricio Cuevas Gayosso, productor general del evento \u201cSoy la fiesta\u201d, se coordinaron acciones del sector privado con los gobiernos estatal y municipal, donde adem\u00e1s se sumaron instituciones educativas p\u00fablicas y particulares.<\/p>\n\n\n\n<p>En conferencia de prensa, realizada en el auditorio de la biblioteca \u201cCarlos Fuentes\u201d, a\u00f1adi\u00f3 que la Secretar\u00eda de Seguridad P\u00fablica (SSP) ser\u00e1 la encargada de garantizar la tranquilidad y el orden durante el evento.<\/p>\n\n\n\n<p>\u201cTambi\u00e9n con Protecci\u00f3n Civil del estado y con las instancias del ayuntamiento de Xalapa, la Direcci\u00f3n de Comercio y todas aquellas instancias que son necesarias para la operaci\u00f3n de un evento de esta magnitud\u201d, expres\u00f3.<\/p>\n\n\n\n<p>La cartelera extensa de m\u00e1s de 45 eventos donde habr\u00e1 una gran diversidad con din\u00e1micas infantiles como cuentacuentos, mimos, botargas y payasos.<\/p>\n\n\n\n<p>Del 11 al 13 de noviembre habr\u00e1 Jazz, Rock, Son Jarocho y baladas, pero adem\u00e1s, se contar\u00e1 con danzoneras, tributos musicales como al \u201cPr\u00edncipe de la Canci\u00f3n\u201d, Jos\u00e9 Jos\u00e9 en la voz de Daniel Nu\u00f1ez; as\u00ed como La Sonora Santanera, Ra\u00fal Ornelas, Cal\u00f3, Mar\u00eda Fernanda, Carlos Cuevas, entre otros.<\/p>\n\n\n\n<p>En el elenco se contar\u00e1 con la Orquesta Municipal con Messe Merari; la Orquesta \u201cHermanos Godoy\u201d, Z\u00e9nen Zeferino (trovador decimero).<\/p>\n\n\n\n<p>Durante los tres d\u00edas habr\u00e1 346 expositores del comercio formal establecidos en Xalapa y la regi\u00f3n como \u201cLa Estancia de los Tecajetes\u201d, \u201cLas Brasas\u201d, \u201cParrilla Banderilla\u201d, \u201cSushito\u201d, \u201cSaz\u00f3n con alma\u201d, por mencionar algunos.<\/p>\n\n\n\n<p>El acceso a este evento es gratuito y los boletos pueden conseguirse en tiendas como Fasti, Comex, Ferche Gas, Cinetix; as\u00ed como a trav\u00e9s de radiodifusoras.<\/p>\n","protected":false},"excerpt":{"rendered":"<p>Juan Arcos Xalapa, Ver.- Se espera que cerca de 15 mil personas acudan al Estadio Xalape\u00f1o \u201cHeriberto Jara Corona\u201d este fin de semana durante el evento \u201cSoy la fiesta\u201d que contempla actividades culturales, art\u00edsticas y empresariales. Se trata de un festival del Consejo Empresarial Metropolitano (CEM) en coordinaci\u00f3n con la Secretar\u00eda de Desarrollo Econ\u00f3mico y [&hellip;]<\/p>\n","protected":false},"author":1,"featured_media":33470,"comment_status":"open","ping_status":"open","sticky":false,"template":"","format":"standard","meta":{"_jetpack_memberships_contains_paid_content":false,"footnotes":""},"categories":[3],"tags":[],"class_list":["post-33469","post","type-post","status-publish","format-standard","has-post-thumbnail","hentry","category-xalapa"],"jetpack_featured_media_url":"https:\/\/encuentroinformativo.com.mx\/wp-content\/uploads\/2022\/11\/E261CFC0-1202-4902-94DC-D558E3FC6D01.jpeg","jetpack_sharing_enabled":true,"jetpack_likes_enabled":true,"amp_enabled":true,"_links":{"self":[{"href":"https:\/\/encuentroinformativo.com.mx\/index.php?rest_route=\/wp\/v2\/posts\/33469","targetHints":{"allow":["GET"]}}],"collection":[{"href":"https:\/\/encuentroinformativo.com.mx\/index.php?rest_route=\/wp\/v2\/posts"}],"about":[{"href":"https:\/\/encuentroinformativo.com.mx\/index.php?rest_route=\/wp\/v2\/types\/post"}],"author":[{"embeddable":true,"href":"https:\/\/encuentroinformativo.com.mx\/index.php?rest_route=\/wp\/v2\/users\/1"}],"replies":[{"embeddable":true,"href":"https:\/\/encuentroinformativo.com.mx\/index.php?rest_route=%2Fwp%2Fv2%2Fcomments&post=33469"}],"version-history":[{"count":1,"href":"https:\/\/encuentroinformativo.com.mx\/index.php?rest_route=\/wp\/v2\/posts\/33469\/revisions"}],"predecessor-version":[{"id":33471,"href":"https:\/\/encuentroinformativo.com.mx\/index.php?rest_route=\/wp\/v2\/posts\/33469\/revisions\/33471"}],"wp:featuredmedia":[{"embeddable":true,"href":"https:\/\/encuentroinformativo.com.mx\/index.php?rest_route=\/wp\/v2\/media\/33470"}],"wp:attachment":[{"href":"https:\/\/encuentroinformativo.com.mx\/index.php?rest_route=%2Fwp%2Fv2%2Fmedia&parent=33469"}],"wp:term":[{"taxonomy":"category","embeddable":true,"href":"https:\/\/encuentroinformativo.com.mx\/index.php?rest_route=%2Fwp%2Fv2%2Fcategories&post=33469"},{"taxonomy":"post_tag","embeddable":true,"href":"https:\/\/encuentroinformativo.com.mx\/index.php?rest_route=%2Fwp%2Fv2%2Ftags&post=33469"}],"curies":[{"name":"wp","href":"https:\/\/api.w.org\/{rel}","templated":true}]}}