{"id":33481,"date":"2022-11-10T10:39:45","date_gmt":"2022-11-10T16:39:45","guid":{"rendered":"https:\/\/encuentroinformativo.com.mx\/?p=33481"},"modified":"2022-11-10T10:39:48","modified_gmt":"2022-11-10T16:39:48","slug":"persisten-protestas-de-maestros","status":"publish","type":"post","link":"https:\/\/encuentroinformativo.com.mx\/?p=33481","title":{"rendered":"Persisten protestas de maestros"},"content":{"rendered":"\n<p><strong>Dar\u00edo Pale <\/strong><\/p>\n\n\n\n<p>Xalapa, Ver.- Maestros y padres de familia se volvieron a manifestar en la plaza Lerdo para continuar exigiendo el pago del incremento salarial que les ofreci\u00f3 el presidente de M\u00e9xico Andr\u00e9s Manuel L\u00f3pez Obrador en el mes de mayo.<\/p>\n\n\n\n<p>De nueva cuenta, los docentes demandaron que el incremento salarial de 1, 2 y 3 por ciento se haga efectivo el pr\u00f3ximo 15 de noviembre y no hasta diciembre como lo plantean las autoridades estatales.<\/p>\n\n\n\n<p>Los trabajadores indicaron que quieren la presencia del gobernador Cuitl\u00e1huac Garc\u00eda Jim\u00e9nez o en todo caso de alguna autoridad que tenga la capacidad de resolver la demanda del sector, ya que no quieren ser atendidos por personal de pol\u00edtica regional.<\/p>\n\n\n\n<p>Adem\u00e1s, exigen que les expliquen por qu\u00e9 se le est\u00e1 llamando <em>Bono del Bienestar, <\/em>cuando se trata de un aumento al salario.<\/p>\n\n\n\n<p>Cabe se\u00f1alar que est\u00e1n realizando bloqueos intermitentes en la calle de Enr\u00edquez como medida de presi\u00f3n, al igual que en otros puntos del estado donde de igual forma realizan bloqueos.<\/p>\n\n\n\n<figure class=\"wp-block-image size-large\"><img loading=\"lazy\" decoding=\"async\" width=\"1024\" height=\"683\" src=\"https:\/\/encuentroinformativo.com.mx\/wp-content\/uploads\/2022\/11\/84029B1B-6ED8-4380-A427-CB1F41E90603-1024x683.jpeg\" alt=\"\" class=\"wp-image-33483\" srcset=\"https:\/\/encuentroinformativo.com.mx\/wp-content\/uploads\/2022\/11\/84029B1B-6ED8-4380-A427-CB1F41E90603-1024x683.jpeg 1024w, https:\/\/encuentroinformativo.com.mx\/wp-content\/uploads\/2022\/11\/84029B1B-6ED8-4380-A427-CB1F41E90603-300x200.jpeg 300w, https:\/\/encuentroinformativo.com.mx\/wp-content\/uploads\/2022\/11\/84029B1B-6ED8-4380-A427-CB1F41E90603-768x512.jpeg 768w, https:\/\/encuentroinformativo.com.mx\/wp-content\/uploads\/2022\/11\/84029B1B-6ED8-4380-A427-CB1F41E90603.jpeg 1488w\" sizes=\"auto, (max-width: 1024px) 100vw, 1024px\" \/><\/figure>\n","protected":false},"excerpt":{"rendered":"<p>Dar\u00edo Pale Xalapa, Ver.- Maestros y padres de familia se volvieron a manifestar en la plaza Lerdo para continuar exigiendo el pago del incremento salarial que les ofreci\u00f3 el presidente de M\u00e9xico Andr\u00e9s Manuel L\u00f3pez Obrador en el mes de mayo. De nueva cuenta, los docentes demandaron que el incremento salarial de 1, 2 y [&hellip;]<\/p>\n","protected":false},"author":1,"featured_media":33482,"comment_status":"open","ping_status":"open","sticky":false,"template":"","format":"standard","meta":{"_jetpack_memberships_contains_paid_content":false,"footnotes":""},"categories":[3],"tags":[],"class_list":["post-33481","post","type-post","status-publish","format-standard","has-post-thumbnail","hentry","category-xalapa"],"jetpack_featured_media_url":"https:\/\/encuentroinformativo.com.mx\/wp-content\/uploads\/2022\/11\/9CA8416A-5836-4B33-9288-B21490946E6F.jpeg","jetpack_sharing_enabled":true,"jetpack_likes_enabled":true,"amp_enabled":true,"_links":{"self":[{"href":"https:\/\/encuentroinformativo.com.mx\/index.php?rest_route=\/wp\/v2\/posts\/33481","targetHints":{"allow":["GET"]}}],"collection":[{"href":"https:\/\/encuentroinformativo.com.mx\/index.php?rest_route=\/wp\/v2\/posts"}],"about":[{"href":"https:\/\/encuentroinformativo.com.mx\/index.php?rest_route=\/wp\/v2\/types\/post"}],"author":[{"embeddable":true,"href":"https:\/\/encuentroinformativo.com.mx\/index.php?rest_route=\/wp\/v2\/users\/1"}],"replies":[{"embeddable":true,"href":"https:\/\/encuentroinformativo.com.mx\/index.php?rest_route=%2Fwp%2Fv2%2Fcomments&post=33481"}],"version-history":[{"count":1,"href":"https:\/\/encuentroinformativo.com.mx\/index.php?rest_route=\/wp\/v2\/posts\/33481\/revisions"}],"predecessor-version":[{"id":33484,"href":"https:\/\/encuentroinformativo.com.mx\/index.php?rest_route=\/wp\/v2\/posts\/33481\/revisions\/33484"}],"wp:featuredmedia":[{"embeddable":true,"href":"https:\/\/encuentroinformativo.com.mx\/index.php?rest_route=\/wp\/v2\/media\/33482"}],"wp:attachment":[{"href":"https:\/\/encuentroinformativo.com.mx\/index.php?rest_route=%2Fwp%2Fv2%2Fmedia&parent=33481"}],"wp:term":[{"taxonomy":"category","embeddable":true,"href":"https:\/\/encuentroinformativo.com.mx\/index.php?rest_route=%2Fwp%2Fv2%2Fcategories&post=33481"},{"taxonomy":"post_tag","embeddable":true,"href":"https:\/\/encuentroinformativo.com.mx\/index.php?rest_route=%2Fwp%2Fv2%2Ftags&post=33481"}],"curies":[{"name":"wp","href":"https:\/\/api.w.org\/{rel}","templated":true}]}}