{"id":33492,"date":"2022-11-10T12:56:33","date_gmt":"2022-11-10T18:56:33","guid":{"rendered":"https:\/\/encuentroinformativo.com.mx\/?p=33492"},"modified":"2022-11-10T12:56:37","modified_gmt":"2022-11-10T18:56:37","slug":"invitan-a-marchar-a-favor-del-ine-en-xalapa","status":"publish","type":"post","link":"https:\/\/encuentroinformativo.com.mx\/?p=33492","title":{"rendered":"Invitan a marchar a favor del INE en Xalapa"},"content":{"rendered":"\n<p><strong>Dar\u00edo Pale<\/strong><\/p>\n\n\n\n<p>Xalapa, Ver.- Invitan a la ciudadan\u00eda para que se una a la marcha para defender al Instituto Nacional Electoral (INE), la cual se llevar\u00e1 a cabo el domingo 13 de este mes a las 10:30 horas la cual saldr\u00e1 del Teatro del Estado.<\/p>\n\n\n\n<p>Diferentes organizaciones sociales invitaron a la marcha, &#8220;para demandar la permanencia, la protecci\u00f3n y respeto del Instituto Nacional Electoral, como eje rector de la democracia en nuestro pa\u00eds&#8221;.<\/p>\n\n\n\n<p>En ese sentido, destacaron que el INE es un organismo ciudadano que mantiene la cohesi\u00f3n social civilizada.<\/p>\n\n\n\n<p>&#8220;Que es el principio fundamental de la convivencia humana, el respeto a las instituciones que hemos creado, es un derecho inalienable, lo contrario violenta la conciencia social, porque somete el derecho individual y colectivo a los intereses de un grupo en los poderes Ejecutivo, Legislativo y Judicial&#8221;, se\u00f1alaron.<\/p>\n\n\n\n<p>La salida ser\u00e1 del Teatro del Estado y la llegada en la plaza Lerdo. Participan las organizaciones Misi\u00f3n Rescate M\u00e9xico, Poder Ciudadano, el Frente C\u00edvico Nacional, Frente por la Familia y la Coalici\u00f3n Ciudadana que agrupa a varias m\u00e1s.<\/p>\n\n\n\n<p>Aunado a lo anterior, se coment\u00f3 que el INE es un organismo ciudadano garante de la democracia.<\/p>\n\n\n\n<p>&#8220;Es un logro de la lucha de muchas generaciones para tener un M\u00e9xico democr\u00e1tico, ha protegido la voluntad ciudadana y ha llevado procesos electorales ejemplares y limpios&#8221;, comentaron.<\/p>\n\n\n\n<p>Finalmente, indicaron que la participaci\u00f3n de la gente es fundamental, por lo que se busca respaldar al ente aut\u00f3nomo para garantizar la democracia en el pa\u00eds.<\/p>\n","protected":false},"excerpt":{"rendered":"<p>Dar\u00edo Pale Xalapa, Ver.- Invitan a la ciudadan\u00eda para que se una a la marcha para defender al Instituto Nacional Electoral (INE), la cual se llevar\u00e1 a cabo el domingo 13 de este mes a las 10:30 horas la cual saldr\u00e1 del Teatro del Estado. Diferentes organizaciones sociales invitaron a la marcha, &#8220;para demandar la [&hellip;]<\/p>\n","protected":false},"author":1,"featured_media":33493,"comment_status":"open","ping_status":"open","sticky":false,"template":"","format":"standard","meta":{"_jetpack_memberships_contains_paid_content":false,"footnotes":""},"categories":[3],"tags":[],"class_list":["post-33492","post","type-post","status-publish","format-standard","has-post-thumbnail","hentry","category-xalapa"],"jetpack_featured_media_url":"https:\/\/encuentroinformativo.com.mx\/wp-content\/uploads\/2022\/11\/BE7DF595-D93A-41CF-9CDF-FF826548B583.jpeg","jetpack_sharing_enabled":true,"jetpack_likes_enabled":true,"amp_enabled":true,"_links":{"self":[{"href":"https:\/\/encuentroinformativo.com.mx\/index.php?rest_route=\/wp\/v2\/posts\/33492","targetHints":{"allow":["GET"]}}],"collection":[{"href":"https:\/\/encuentroinformativo.com.mx\/index.php?rest_route=\/wp\/v2\/posts"}],"about":[{"href":"https:\/\/encuentroinformativo.com.mx\/index.php?rest_route=\/wp\/v2\/types\/post"}],"author":[{"embeddable":true,"href":"https:\/\/encuentroinformativo.com.mx\/index.php?rest_route=\/wp\/v2\/users\/1"}],"replies":[{"embeddable":true,"href":"https:\/\/encuentroinformativo.com.mx\/index.php?rest_route=%2Fwp%2Fv2%2Fcomments&post=33492"}],"version-history":[{"count":1,"href":"https:\/\/encuentroinformativo.com.mx\/index.php?rest_route=\/wp\/v2\/posts\/33492\/revisions"}],"predecessor-version":[{"id":33494,"href":"https:\/\/encuentroinformativo.com.mx\/index.php?rest_route=\/wp\/v2\/posts\/33492\/revisions\/33494"}],"wp:featuredmedia":[{"embeddable":true,"href":"https:\/\/encuentroinformativo.com.mx\/index.php?rest_route=\/wp\/v2\/media\/33493"}],"wp:attachment":[{"href":"https:\/\/encuentroinformativo.com.mx\/index.php?rest_route=%2Fwp%2Fv2%2Fmedia&parent=33492"}],"wp:term":[{"taxonomy":"category","embeddable":true,"href":"https:\/\/encuentroinformativo.com.mx\/index.php?rest_route=%2Fwp%2Fv2%2Fcategories&post=33492"},{"taxonomy":"post_tag","embeddable":true,"href":"https:\/\/encuentroinformativo.com.mx\/index.php?rest_route=%2Fwp%2Fv2%2Ftags&post=33492"}],"curies":[{"name":"wp","href":"https:\/\/api.w.org\/{rel}","templated":true}]}}