{"id":33505,"date":"2022-11-11T09:56:18","date_gmt":"2022-11-11T15:56:18","guid":{"rendered":"https:\/\/encuentroinformativo.com.mx\/?p=33505"},"modified":"2022-11-11T09:56:22","modified_gmt":"2022-11-11T15:56:22","slug":"no-se-va-no-se-va-no-se-va","status":"publish","type":"post","link":"https:\/\/encuentroinformativo.com.mx\/?p=33505","title":{"rendered":"\u00a1NO SE VA, NO SE VA, NO SE VA!"},"content":{"rendered":"\n<p><strong>Los Pol\u00edticos<\/strong><\/p>\n\n\n\n<p><strong>Salvador Mu\u00f1oz<\/strong><\/p>\n\n\n\n<p>A las quince horas, el sal\u00f3n del pleno&nbsp; recib\u00eda a estudiantes que fueron invitados por diputados para que conocieran el trabajo legislativo que all\u00ed se hace\u2026 hora y media despu\u00e9s, si no un poquito m\u00e1s, el diputado Jimmy de la Garza, parado en la Tribuna, ofrec\u00eda disculpas a esos alumnos porque lamentablemente lo primero que vieron de la labor legislativa fue la impuntualidad\u2026 el diputado boque\u00f1o se llev\u00f3 las palmas del respetable que, paciente, esper\u00f3 el inicio de la sesi\u00f3n del d\u00eda.<\/p>\n\n\n\n<p>Desde las 13 horas, la Junta de Coordinaci\u00f3n Pol\u00edtica se hab\u00eda reunido y posteriormente, los diputados de Morena\u2026<\/p>\n\n\n\n<p>La raz\u00f3n que se escuchaba en los pasillos del Palacio de Encanto para que se demoraran en iniciar la sesi\u00f3n era Cecilia\u2026<\/p>\n\n\n\n<p>Cecilia Guevara Guembe fue el tema, el rumor, el cuchicheo de prensa, asesores, personal, donde se involucraba a Rafael Fararoni, a San Andr\u00e9s Tuxtla, a Poza Rica, Juan Javier G\u00f3mez Cazar\u00edn\u2026 y hasta Bola 8.<\/p>\n\n\n\n<p>Por muchas razones Cecilia fue la comidilla\u2026 desde esa nota que habla que pelea la presidencia de la Comisi\u00f3n de Vigilancia, hasta el enorme cari\u00f1o que le agarr\u00f3 a la oficina que ocupaba como Presidenta de la Mesa Directiva\u2026<\/p>\n\n\n\n<p>Por eso la respuesta de Juan Javier G\u00f3mez Cazar\u00edn cuando lo cuestionaron respecto a ese tema: \u201cser\u00e1n los diputados quienes con el voto mayoritario decidan si es necesario hacer movimientos\u2026 yo no me dejo, no me achico ante nadie, ni dejo que nadie meta manos aqu\u00ed; no se hace nada que no sea decisi\u00f3n de los diputados y mediante consenso; como coordinador hago sugerencias, pero tengo que ser respetuoso de lo que diga la mayor\u00eda\u201d.<\/p>\n\n\n\n<p>Quiz\u00e1s por eso el petit comit\u00e9 que muy tempranito se ech\u00f3 con sus compa\u00f1eros de bancada y aliados\u2026 \u00a1pa\u2019 que amarre, pa\u2019 que raspe, pa\u2019 que afloje!<\/p>\n\n\n\n<p>Un dato m\u00e1s: Cuando le comentaron que si el Gobernador lo ped\u00eda, respondi\u00f3 que con el mandatario estatal concilia&nbsp;y acuerda\u2026<\/p>\n\n\n\n<p>En pocas palabras y como dijera Grupo Frontera, hasta el momento, Fararoni \u201cno se va, no se va, no se va\u2026\u201d<\/p>\n\n\n\n<p>El asunto de Cecilia Guevara, si fuera cierto, expondr\u00eda dos puntos:<\/p>\n\n\n\n<p>Primero, es madre del subsecretario de Infraestructura y Obra P\u00fablica, Fernando El\u00edas Guevara\u2026 esto de tener a la familia en la n\u00f3mina por parte de Morena, no es nuevo\u2026 ah\u00ed tenemos a Rafael Hern\u00e1ndez Villalpando, Eleazar Guerrero, Rosalinda Galindo, Dorheny Garc\u00eda Cayetano, \u00a1vamos! \u00a1Hasta el mismo Gobernador haciendo de las suyas! pero no es privativo de Morena\u2026 en todos los partidos se da\u2026<\/p>\n\n\n\n<p>Segundo: El asunto no es que te den poder\u2026 sino no entender que los cargos son pasajeros, prestados, as\u00ed como los espacios donde trabajas\u2026 y si me apuran, hasta la camioneta\u2026<\/p>\n\n\n\n<p>Insistimos, si el rumor de los deseos de Cecilia son ciertos, hay que entender algo: una cosa es tener Poder Econ\u00f3mico y otra, Poder Pol\u00edtico\u2026 el segundo es como la marihuana: si no la controlas, \u00a1no la fumes!<\/p>\n\n\n\n<p>Se insiste: Si es as\u00ed, ojal\u00e1 la se\u00f1ora Cecilia ponga los pies en la tierra\u2026 o mejor a\u00fan, que no se deje calentar la cabeza\u2026 porque actitudes como \u00e9sas, no ayudan\u2026 y menos en v\u00edspera del Cuarto Informe\u2026 y menos en v\u00edspera de las comparecencias donde ha de estar su hijo\u2026 \u00a1y menos cuando hay visitas! \u00a1Qu\u00e9 culpa ten\u00edan los estudiantes que fueron ayer al recinto legislativo que una de sus diputadas tuviera mareos de poder!<\/p>\n","protected":false},"excerpt":{"rendered":"<p>Los Pol\u00edticos Salvador Mu\u00f1oz A las quince horas, el sal\u00f3n del pleno&nbsp; recib\u00eda a estudiantes que fueron invitados por diputados para que conocieran el trabajo legislativo que all\u00ed se hace\u2026 hora y media despu\u00e9s, si no un poquito m\u00e1s, el diputado Jimmy de la Garza, parado en la Tribuna, ofrec\u00eda disculpas a esos alumnos porque [&hellip;]<\/p>\n","protected":false},"author":1,"featured_media":387,"comment_status":"open","ping_status":"open","sticky":false,"template":"","format":"standard","meta":{"_jetpack_memberships_contains_paid_content":false,"footnotes":""},"categories":[11],"tags":[],"class_list":["post-33505","post","type-post","status-publish","format-standard","has-post-thumbnail","hentry","category-opinion"],"jetpack_featured_media_url":"https:\/\/encuentroinformativo.com.mx\/wp-content\/uploads\/2020\/03\/7CF8A22B-2764-47BE-8F7F-38FE9E5D6A2F.jpeg","jetpack_sharing_enabled":true,"jetpack_likes_enabled":true,"amp_enabled":true,"_links":{"self":[{"href":"https:\/\/encuentroinformativo.com.mx\/index.php?rest_route=\/wp\/v2\/posts\/33505","targetHints":{"allow":["GET"]}}],"collection":[{"href":"https:\/\/encuentroinformativo.com.mx\/index.php?rest_route=\/wp\/v2\/posts"}],"about":[{"href":"https:\/\/encuentroinformativo.com.mx\/index.php?rest_route=\/wp\/v2\/types\/post"}],"author":[{"embeddable":true,"href":"https:\/\/encuentroinformativo.com.mx\/index.php?rest_route=\/wp\/v2\/users\/1"}],"replies":[{"embeddable":true,"href":"https:\/\/encuentroinformativo.com.mx\/index.php?rest_route=%2Fwp%2Fv2%2Fcomments&post=33505"}],"version-history":[{"count":1,"href":"https:\/\/encuentroinformativo.com.mx\/index.php?rest_route=\/wp\/v2\/posts\/33505\/revisions"}],"predecessor-version":[{"id":33506,"href":"https:\/\/encuentroinformativo.com.mx\/index.php?rest_route=\/wp\/v2\/posts\/33505\/revisions\/33506"}],"wp:featuredmedia":[{"embeddable":true,"href":"https:\/\/encuentroinformativo.com.mx\/index.php?rest_route=\/wp\/v2\/media\/387"}],"wp:attachment":[{"href":"https:\/\/encuentroinformativo.com.mx\/index.php?rest_route=%2Fwp%2Fv2%2Fmedia&parent=33505"}],"wp:term":[{"taxonomy":"category","embeddable":true,"href":"https:\/\/encuentroinformativo.com.mx\/index.php?rest_route=%2Fwp%2Fv2%2Fcategories&post=33505"},{"taxonomy":"post_tag","embeddable":true,"href":"https:\/\/encuentroinformativo.com.mx\/index.php?rest_route=%2Fwp%2Fv2%2Ftags&post=33505"}],"curies":[{"name":"wp","href":"https:\/\/api.w.org\/{rel}","templated":true}]}}