{"id":33514,"date":"2022-11-11T12:04:00","date_gmt":"2022-11-11T18:04:00","guid":{"rendered":"https:\/\/encuentroinformativo.com.mx\/?p=33514"},"modified":"2022-11-11T12:04:03","modified_gmt":"2022-11-11T18:04:03","slug":"intentaron-detener-protesta-de-integrantes-chucho-el-roto","status":"publish","type":"post","link":"https:\/\/encuentroinformativo.com.mx\/?p=33514","title":{"rendered":"Intentaron detener protesta de integrantes \u201cChucho el roto\u201d"},"content":{"rendered":"\n<p><strong>Dar\u00edo Pale <\/strong><\/p>\n\n\n\n<p>Xalapa, Ver.- Integrantes de &#8220;Chucho El Roto&#8221; exigen la aparici\u00f3n con vida de Francisco Fern\u00e1ndez Morales &#8220;El Potro&#8221;, por lo cual este d\u00eda se manifestaron en la plaza Lerdo, dicha agrupaci\u00f3n busca la reclasificaci\u00f3n de tarifas de la energ\u00eda el\u00e9ctrica, algunos fueron bloqueados en las trancas impidi\u00e9ndoles llegar al centro.<\/p>\n\n\n\n<p>Entrevistado durante la manifestaci\u00f3n, Jorge Morales Barradas, vocero del Movimiento de Resistencia Civil y secretario general de La Leyenda de Chucho El Roto, indic\u00f3 que la protesta no era para golpear a alguien, sino para pedir el respaldo y apoyo de las autoridades.<\/p>\n\n\n\n<p>&#8220;Que la lucha contin\u00fae en favor de nuestro amigo Francisco Fern\u00e1ndez Morales, en favor de su b\u00fasqueda, respaldamos lo que se est\u00e1 haciendo por medio de las instituciones, respaldamos a la Fiscal\u00eda, a la Comisi\u00f3n Estatal de B\u00fasqueda&#8221;, coment\u00f3.<\/p>\n\n\n\n<p>Adem\u00e1s, coment\u00f3 que respetan las l\u00edneas de investigaci\u00f3n de las autoridades y no quieren intervenir en estas.<\/p>\n\n\n\n<p>Dieron a conocer que no quieren intervenir en las investigaciones que realiza la fiscal\u00eda reconocen y est\u00e1n concientes de la secrecia que deben tener las autoridades por eso est\u00e1n aqu\u00ed no en plan de choque o de golpes, es en plan de agradecimiento y confianza hacia el gobernador y las instituciones que tenemos el d\u00eda hoy.<\/p>\n\n\n\n<p>&#8220;El estar aqu\u00ed el d\u00eda de hoy, no es en plan de golpe, ni de choque, es en plan de agradecimiento y de confiar hacia las instituciones&#8221;, se\u00f1al\u00f3.<\/p>\n\n\n\n<p>Reiter\u00f3 que est\u00e1n solicitan una repuesta del gobernador, de que es lo que se est\u00e1 haciendo para localizar a su compa\u00f1ero, ya que la ciudadan\u00eda se encuentra coadyuvando pero se necesita seguir en este camino de la b\u00fasqueda.<\/p>\n\n\n\n<p>Record\u00f3 que Manifest\u00f3 que su l\u00edder se encuentra &#8220;incomunicado&#8221; desde el 26 de octubre, por ello, solicito a las autoridades estatales una respuesta, confiaron en que aparezca con vida y el caso se resuelva de la mejor manera.<\/p>\n\n\n\n<p>Por \u00faltimo cabe se\u00f1alar que algunos autobuses que ven\u00edan de otros municipios fueron detenidos en la entrada a la capital del estado, por lo que las personas se bajaron de las unidades y bloquearon la carretera en ambos sentidos ya que no les permitieron llegar a la plaza Lerdo.<\/p>\n\n\n\n<figure class=\"wp-block-image size-large\"><img loading=\"lazy\" decoding=\"async\" width=\"899\" height=\"746\" src=\"https:\/\/encuentroinformativo.com.mx\/wp-content\/uploads\/2022\/11\/75212EAC-B974-433E-B477-89B2C6F84733.jpeg\" alt=\"\" class=\"wp-image-33516\" srcset=\"https:\/\/encuentroinformativo.com.mx\/wp-content\/uploads\/2022\/11\/75212EAC-B974-433E-B477-89B2C6F84733.jpeg 899w, https:\/\/encuentroinformativo.com.mx\/wp-content\/uploads\/2022\/11\/75212EAC-B974-433E-B477-89B2C6F84733-300x249.jpeg 300w, https:\/\/encuentroinformativo.com.mx\/wp-content\/uploads\/2022\/11\/75212EAC-B974-433E-B477-89B2C6F84733-768x637.jpeg 768w\" sizes=\"auto, (max-width: 899px) 100vw, 899px\" \/><\/figure>\n\n\n\n<figure class=\"wp-block-image size-large\"><img loading=\"lazy\" decoding=\"async\" width=\"1024\" height=\"516\" src=\"https:\/\/encuentroinformativo.com.mx\/wp-content\/uploads\/2022\/11\/2DDD62F2-1AE5-4FCA-A377-92B3F42FD575-1024x516.jpeg\" alt=\"\" class=\"wp-image-33517\" srcset=\"https:\/\/encuentroinformativo.com.mx\/wp-content\/uploads\/2022\/11\/2DDD62F2-1AE5-4FCA-A377-92B3F42FD575-1024x516.jpeg 1024w, https:\/\/encuentroinformativo.com.mx\/wp-content\/uploads\/2022\/11\/2DDD62F2-1AE5-4FCA-A377-92B3F42FD575-300x151.jpeg 300w, https:\/\/encuentroinformativo.com.mx\/wp-content\/uploads\/2022\/11\/2DDD62F2-1AE5-4FCA-A377-92B3F42FD575-768x387.jpeg 768w, https:\/\/encuentroinformativo.com.mx\/wp-content\/uploads\/2022\/11\/2DDD62F2-1AE5-4FCA-A377-92B3F42FD575.jpeg 1084w\" sizes=\"auto, (max-width: 1024px) 100vw, 1024px\" \/><\/figure>\n","protected":false},"excerpt":{"rendered":"<p>Dar\u00edo Pale Xalapa, Ver.- Integrantes de &#8220;Chucho El Roto&#8221; exigen la aparici\u00f3n con vida de Francisco Fern\u00e1ndez Morales &#8220;El Potro&#8221;, por lo cual este d\u00eda se manifestaron en la plaza Lerdo, dicha agrupaci\u00f3n busca la reclasificaci\u00f3n de tarifas de la energ\u00eda el\u00e9ctrica, algunos fueron bloqueados en las trancas impidi\u00e9ndoles llegar al centro. Entrevistado durante la [&hellip;]<\/p>\n","protected":false},"author":1,"featured_media":33515,"comment_status":"open","ping_status":"open","sticky":false,"template":"","format":"standard","meta":{"_jetpack_memberships_contains_paid_content":false,"footnotes":""},"categories":[3],"tags":[],"class_list":["post-33514","post","type-post","status-publish","format-standard","has-post-thumbnail","hentry","category-xalapa"],"jetpack_featured_media_url":"https:\/\/encuentroinformativo.com.mx\/wp-content\/uploads\/2022\/11\/A107D0E1-9F70-4A76-85EE-61778BF42630.jpeg","jetpack_sharing_enabled":true,"jetpack_likes_enabled":true,"amp_enabled":true,"_links":{"self":[{"href":"https:\/\/encuentroinformativo.com.mx\/index.php?rest_route=\/wp\/v2\/posts\/33514","targetHints":{"allow":["GET"]}}],"collection":[{"href":"https:\/\/encuentroinformativo.com.mx\/index.php?rest_route=\/wp\/v2\/posts"}],"about":[{"href":"https:\/\/encuentroinformativo.com.mx\/index.php?rest_route=\/wp\/v2\/types\/post"}],"author":[{"embeddable":true,"href":"https:\/\/encuentroinformativo.com.mx\/index.php?rest_route=\/wp\/v2\/users\/1"}],"replies":[{"embeddable":true,"href":"https:\/\/encuentroinformativo.com.mx\/index.php?rest_route=%2Fwp%2Fv2%2Fcomments&post=33514"}],"version-history":[{"count":1,"href":"https:\/\/encuentroinformativo.com.mx\/index.php?rest_route=\/wp\/v2\/posts\/33514\/revisions"}],"predecessor-version":[{"id":33518,"href":"https:\/\/encuentroinformativo.com.mx\/index.php?rest_route=\/wp\/v2\/posts\/33514\/revisions\/33518"}],"wp:featuredmedia":[{"embeddable":true,"href":"https:\/\/encuentroinformativo.com.mx\/index.php?rest_route=\/wp\/v2\/media\/33515"}],"wp:attachment":[{"href":"https:\/\/encuentroinformativo.com.mx\/index.php?rest_route=%2Fwp%2Fv2%2Fmedia&parent=33514"}],"wp:term":[{"taxonomy":"category","embeddable":true,"href":"https:\/\/encuentroinformativo.com.mx\/index.php?rest_route=%2Fwp%2Fv2%2Fcategories&post=33514"},{"taxonomy":"post_tag","embeddable":true,"href":"https:\/\/encuentroinformativo.com.mx\/index.php?rest_route=%2Fwp%2Fv2%2Ftags&post=33514"}],"curies":[{"name":"wp","href":"https:\/\/api.w.org\/{rel}","templated":true}]}}