{"id":33519,"date":"2022-11-11T12:12:41","date_gmt":"2022-11-11T18:12:41","guid":{"rendered":"https:\/\/encuentroinformativo.com.mx\/?p=33519"},"modified":"2022-11-11T12:12:45","modified_gmt":"2022-11-11T18:12:45","slug":"logran-manifestarse-piden-aparicion-de-el-potro","status":"publish","type":"post","link":"https:\/\/encuentroinformativo.com.mx\/?p=33519","title":{"rendered":"Logran manifestarse, piden aparici\u00f3n de \u201cEl Potro\u201d"},"content":{"rendered":"\n<p><strong>Juan Arcos <\/strong><\/p>\n\n\n\n<p>Xalapa, Ver.- Familiares y amigos de Francisco Fern\u00e1ndez Morales, mejor conocido como \u201cEl Potro\u201d, protestaron frente a Palacio de Gobierno para exigir su aparici\u00f3n con vida.<\/p>\n\n\n\n<p>El fundador del movimiento de resistencia civil \u201cLa leyenda de Chucho el Roto\u201d est\u00e1 desaparecido desde el pasado 26 de octubre.<\/p>\n\n\n\n<p>El se\u00f1or de 63 a\u00f1os desapareci\u00f3 en San Isidro, municipio de Actopan, en la zona costera central del estado de Veracruz.<\/p>\n\n\n\n<p>De acuerdo con Jorge Morales Barradas, vocero y secretario general de la organizaci\u00f3n, se han realizado brigadas con los lugare\u00f1os para buscarlo en la zona donde suponen desaparici\u00f3 desde hace varias semanas.<\/p>\n\n\n\n<p>Las personas se plantaron sobre Plaza Sebasti\u00e1n Lerdo de Tejada para pedir a las autoridades que agilicen las investigaciones para dar con el paradero de su l\u00edder.<\/p>\n\n\n\n<p>Otras personas que se trasladaban en autobuses hacia el centro de la capital del estado fueron retenidos sobre la carretera federal Xalapa-Veracruz, a la altura de la Central de Abastos, quienes se molestaron y bloquearon ambos sentidos de la importante v\u00eda de comunicaci\u00f3n.<\/p>\n\n\n\n<p>Morales Barradas pidi\u00f3 que la desaparici\u00f3n de \u201cEl Potro\u201d no se use para sacar \u201craja pol\u00edtica\u201d y pidi\u00f3 a los actores pol\u00edticos que tengan prudencia en este caso.<\/p>\n\n\n\n<p>Tambi\u00e9n dijo confiar en que las autoridades estatales seguir\u00e1n las l\u00edneas de investigaci\u00f3n para la pronta localizaci\u00f3n de Francisco Fern\u00e1ndez Morales.<\/p>\n\n\n\n<figure class=\"wp-block-image size-large\"><img loading=\"lazy\" decoding=\"async\" width=\"1024\" height=\"768\" src=\"https:\/\/encuentroinformativo.com.mx\/wp-content\/uploads\/2022\/11\/682D5FEC-D969-42B9-A4F9-85F531F712DA-1024x768.jpeg\" alt=\"\" class=\"wp-image-33521\" srcset=\"https:\/\/encuentroinformativo.com.mx\/wp-content\/uploads\/2022\/11\/682D5FEC-D969-42B9-A4F9-85F531F712DA-1024x768.jpeg 1024w, https:\/\/encuentroinformativo.com.mx\/wp-content\/uploads\/2022\/11\/682D5FEC-D969-42B9-A4F9-85F531F712DA-300x225.jpeg 300w, https:\/\/encuentroinformativo.com.mx\/wp-content\/uploads\/2022\/11\/682D5FEC-D969-42B9-A4F9-85F531F712DA-768x576.jpeg 768w, https:\/\/encuentroinformativo.com.mx\/wp-content\/uploads\/2022\/11\/682D5FEC-D969-42B9-A4F9-85F531F712DA-1536x1152.jpeg 1536w, https:\/\/encuentroinformativo.com.mx\/wp-content\/uploads\/2022\/11\/682D5FEC-D969-42B9-A4F9-85F531F712DA.jpeg 2016w\" sizes=\"auto, (max-width: 1024px) 100vw, 1024px\" \/><\/figure>\n","protected":false},"excerpt":{"rendered":"<p>Juan Arcos Xalapa, Ver.- Familiares y amigos de Francisco Fern\u00e1ndez Morales, mejor conocido como \u201cEl Potro\u201d, protestaron frente a Palacio de Gobierno para exigir su aparici\u00f3n con vida. El fundador del movimiento de resistencia civil \u201cLa leyenda de Chucho el Roto\u201d est\u00e1 desaparecido desde el pasado 26 de octubre. El se\u00f1or de 63 a\u00f1os desapareci\u00f3 [&hellip;]<\/p>\n","protected":false},"author":1,"featured_media":33520,"comment_status":"open","ping_status":"open","sticky":false,"template":"","format":"standard","meta":{"_jetpack_memberships_contains_paid_content":false,"footnotes":""},"categories":[3],"tags":[],"class_list":["post-33519","post","type-post","status-publish","format-standard","has-post-thumbnail","hentry","category-xalapa"],"jetpack_featured_media_url":"https:\/\/encuentroinformativo.com.mx\/wp-content\/uploads\/2022\/11\/148575AC-DA70-4D4E-9D41-42A2F1FF2986.jpeg","jetpack_sharing_enabled":true,"jetpack_likes_enabled":true,"amp_enabled":true,"_links":{"self":[{"href":"https:\/\/encuentroinformativo.com.mx\/index.php?rest_route=\/wp\/v2\/posts\/33519","targetHints":{"allow":["GET"]}}],"collection":[{"href":"https:\/\/encuentroinformativo.com.mx\/index.php?rest_route=\/wp\/v2\/posts"}],"about":[{"href":"https:\/\/encuentroinformativo.com.mx\/index.php?rest_route=\/wp\/v2\/types\/post"}],"author":[{"embeddable":true,"href":"https:\/\/encuentroinformativo.com.mx\/index.php?rest_route=\/wp\/v2\/users\/1"}],"replies":[{"embeddable":true,"href":"https:\/\/encuentroinformativo.com.mx\/index.php?rest_route=%2Fwp%2Fv2%2Fcomments&post=33519"}],"version-history":[{"count":1,"href":"https:\/\/encuentroinformativo.com.mx\/index.php?rest_route=\/wp\/v2\/posts\/33519\/revisions"}],"predecessor-version":[{"id":33522,"href":"https:\/\/encuentroinformativo.com.mx\/index.php?rest_route=\/wp\/v2\/posts\/33519\/revisions\/33522"}],"wp:featuredmedia":[{"embeddable":true,"href":"https:\/\/encuentroinformativo.com.mx\/index.php?rest_route=\/wp\/v2\/media\/33520"}],"wp:attachment":[{"href":"https:\/\/encuentroinformativo.com.mx\/index.php?rest_route=%2Fwp%2Fv2%2Fmedia&parent=33519"}],"wp:term":[{"taxonomy":"category","embeddable":true,"href":"https:\/\/encuentroinformativo.com.mx\/index.php?rest_route=%2Fwp%2Fv2%2Fcategories&post=33519"},{"taxonomy":"post_tag","embeddable":true,"href":"https:\/\/encuentroinformativo.com.mx\/index.php?rest_route=%2Fwp%2Fv2%2Ftags&post=33519"}],"curies":[{"name":"wp","href":"https:\/\/api.w.org\/{rel}","templated":true}]}}