{"id":33526,"date":"2022-11-12T11:03:43","date_gmt":"2022-11-12T17:03:43","guid":{"rendered":"https:\/\/encuentroinformativo.com.mx\/?p=33526"},"modified":"2022-11-12T11:03:47","modified_gmt":"2022-11-12T17:03:47","slug":"deja-que-un-libro-te-abrace","status":"publish","type":"post","link":"https:\/\/encuentroinformativo.com.mx\/?p=33526","title":{"rendered":"DEJA QUE UN LIBRO TE ABRACE"},"content":{"rendered":"\n<p><strong>N\u00fameros Rojos\u00a0<\/strong><\/p>\n\n\n\n<p><strong>Brenda Caballero<\/strong><\/p>\n\n\n\n<p>\u00bfHas le\u00eddo el libro Los Rel\u00e1mpagos de Agosto? \u00bfQu\u00e9 viene a tu mente al escuchar el t\u00edtulo del libro? \u00bfQu\u00e9 te imaginas? \u00bfEn qu\u00e9 piensas? \u00bfCon qu\u00e9 lo relacionas? Son las preguntas que me hizo Jes\u00fas Palomino Mart\u00ednez, Director de USBI Poza Rica en nuestra pl\u00e1tica con motivo del D\u00eda Nacional del Libro que se celebra hoy 12 de noviembre.<\/p>\n\n\n\n<p>Por un momento pens\u00e9 en truenos y resplandores en el cielo, le digo. Aunque tambi\u00e9n pens\u00e9 en un Dios llamado Agosto y sus destellos en el cielo.<\/p>\n\n\n\n<p>Despu\u00e9s de que le expusiera mis pensamientos, Jes\u00fas me aclar\u00f3 que se trataba de la primera novela de Jorge Ibarg\u00fcengoitia, de contenido hist\u00f3rico sobre la Revoluci\u00f3n Mexicana.<\/p>\n\n\n\n<p>\u00a1Vaya, jam\u00e1s lo hubiera imaginado por el t\u00edtulo! Le digo. \u00a1Tendr\u00e9 que leerlo!<\/p>\n\n\n\n<p>Esa es una estrategia de lectura que usamos para que los j\u00f3venes se acerquen a ella -Me dice- Es para generarles inter\u00e9s, curiosidad y motivaci\u00f3n.<\/p>\n\n\n\n<p>El tambi\u00e9n bibliotecario cuenta que los estudiantes de la carrera de medicina de la Universidad Veracruzana en aquella zona, son los m\u00e1s asiduos a la biblioteca; les siguen los de Ingenier\u00eda, aunque&nbsp; van a consultar temas espec\u00edficos de su carrera. Sin embargo, tambi\u00e9n afirma que hay usuarios de los servicios bibliotecarios que van en busca de la saga Juego de Tronos, de Harry Potter y hasta de libros de Mario Benedetti. Por cierto, me cuenta que con respecto a Benedetti, una usuaria dej\u00f3 un comentario casi queja de que no ten\u00edan libros de ese autor; sin embargo, en la USBI de Poza Rica tienen dos libros.<\/p>\n\n\n\n<p>&nbsp;(Ojal\u00e1 y la usuaria lea esta columna ya que no dej\u00f3 ning\u00fan dato para localizarle y es necesario que regrese. Dos libros de Benedetti la esperan)<\/p>\n\n\n\n<p>Hasta el Gato con Botas de Charles Perrault ha salido varias veces de la Biblioteca, me cuenta, y los sellos de pr\u00e9stamo que contiene, as\u00ed lo confirman.<\/p>\n\n\n\n<p>\u00bfPor qu\u00e9 un d\u00eda Nacional del Libro? Le pregunto. Jes\u00fas habla primero de la parte social, y refiere que en M\u00e9xico tenemos d\u00edas espec\u00edficos para celebrar a la madre, al padre, al ni\u00f1o, al maestro, al perro, al gato y otros m\u00e1s; sin embargo, este d\u00eda nace por Decreto Presidencial en honor al natalicio de Sor Juana In\u00e9s de la Cruz, defensora de la lectura.<\/p>\n\n\n\n<p>En este d\u00eda se realizan actividades culturales pero principalmente se propicia el h\u00e1bito de la lectura, exaltando la importancia del libro; por ello, hoy se les rinde homenaje y tributo.<\/p>\n\n\n\n<p>\u201cLos libros sirven para conocer el pasado, vivir el presente y avizorar el futuro, por eso su importancia\u201d, expresa Jes\u00fas. Sirven de memoria a nuestros hijos, hay libros de diferentes g\u00e9neros literarios, hay libros que dan libertad, y libros que encarcelan.<\/p>\n\n\n\n<p>Palomino Mart\u00ednez afirma que la pandemia trajo un mayor inter\u00e9s por la lectura de diversos g\u00e9neros que se reflej\u00f3 a trav\u00e9s de las redes sociales con la promoci\u00f3n de la misma.<\/p>\n\n\n\n<p>Incluso me cuenta que las preguntas sobre la novela de Ibarg\u00fcengoitia que abren esta columna, es una estrategia de lectura.<\/p>\n\n\n\n<p>\u00bfC\u00f3mo fomentamos la lectura? Le pregunto. Con la promoci\u00f3n lectora, responde de inmediato. Considera que es necesario generar expectativa e inter\u00e9s a trav\u00e9s de preguntas, an\u00e9cdotas, micro-relatos y cuentos cortos, como la antolog\u00eda de la Cenicienta, cuya zapatilla fue hallada en la escena de un crimen, o como el cuento m\u00e1s corto del escritor Augusto Monterroso, El Dinosaurio: \u201cCuando despert\u00f3, el dinosaurio todav\u00eda estaba all\u00ed\u201d.<\/p>\n\n\n\n<p>Por su trabajo y pasi\u00f3n por los libros, no puedo evitar preguntarle cu\u00e1ntos libros ha le\u00eddo. Para contestar mi pregunta, cita a Gabriel Zaid Quotes: \u201cYo solo s\u00e9, que no he le\u00eddo nada\u201d.<\/p>\n\n\n\n<p>\u00bfQu\u00e9 libro recomiendas leer? Le pregunto.&nbsp;<\/p>\n\n\n\n<p>-No me atrevo a recomendar alguno en espec\u00edfico, ya que depende de muchos factores como los&nbsp; gustos por alg\u00fan g\u00e9nero espec\u00edfico, as\u00ed como el estado de \u00e1nimo en que nos encontremos; sin embargo, los invitar\u00eda a que se acercaran a ellos, a que se dejen atrapar.<\/p>\n\n\n\n<p>Cuenta que leer cl\u00e1sicos es genial al igual que libros de poes\u00eda,&nbsp; novela, literatura, novela policiaca, otros g\u00e9neros que ya hemos le\u00eddo y tambi\u00e9n&nbsp; los que no hemos le\u00eddo, pues es importante atreverse a leer otra cosa.<\/p>\n\n\n\n<p>Confiesa que dentro de sus libros favoritos est\u00e1n: La vuelta al mundo en 80 d\u00edas, de Julio Verne; El Pato y la Muerte, de Wolf Erlbruch (que aborda la muerte en las primeras infancias); as\u00ed como El P\u00e1jaro del Alma, de Mijal Snunit.&nbsp;<\/p>\n\n\n\n<p>Recuerda que recientemente ley\u00f3 Donde habitan Los \u00c1ngeles, de Claudia Celis, libro que le dej\u00f3 sentimientos encontrados. Quien lo atrap\u00f3 recientemente fue Norma Mu\u00f1oz Ledo con su obra El Taller del Ermita\u00f1o. En la pandemia, su favorito fue Un Abrazo, de Cecilia Varela y Mar\u00eda Baranda y espera darle otra oportunidad al libro Mujeres que Corren con Lobos, de Clarissa Pinkola Est\u00e9s.<\/p>\n\n\n\n<p>Jes\u00fas prefiere los libros sobre el formato digital, ya que le gusta sentir sus hojas, pero le da su cr\u00e9dito a los libros digitales y a los audiolibros para las personas que no tienen como mucho tiempo de leer y que esta plataforma puede ayudarles mientras realizan otra actividad, como manejar. Tambi\u00e9n recomienda leer los libros y despu\u00e9s ver las pel\u00edculas en el cine, aunque muchas veces lo hacemos al rev\u00e9s.<\/p>\n\n\n\n<p>Para los que tienen redes sociales, tambi\u00e9n pueden apoyarse en el Tik tok, donde hacen rese\u00f1as; esta modalidad tambi\u00e9n puede ser una gran herramienta, ya que nos puede motivar a leer el libro o puede desmotivarnos.<\/p>\n\n\n\n<p>Jes\u00fas invita a que si quieren leer, se acerquen a las bibliotecas, a las librer\u00edas, a los sitios de internet donde ofrecen libros electr\u00f3nicos gratuitos. \u201cLo importante es darnos tiempo para leer y darnos un apapacho a trav\u00e9s de un libro\u201d.<\/p>\n\n\n\n<p>Twiter: @NumerosRojos_BC<\/p>\n\n\n\n<p><a href=\"mailto:caballero_brenda@hotmail.com\" target=\"_blank\" rel=\"noreferrer noopener\">caballero_brenda@hotmail.com<\/a><\/p>\n","protected":false},"excerpt":{"rendered":"<p>N\u00fameros Rojos\u00a0 Brenda Caballero \u00bfHas le\u00eddo el libro Los Rel\u00e1mpagos de Agosto? \u00bfQu\u00e9 viene a tu mente al escuchar el t\u00edtulo del libro? \u00bfQu\u00e9 te imaginas? \u00bfEn qu\u00e9 piensas? \u00bfCon qu\u00e9 lo relacionas? Son las preguntas que me hizo Jes\u00fas Palomino Mart\u00ednez, Director de USBI Poza Rica en nuestra pl\u00e1tica con motivo del D\u00eda Nacional [&hellip;]<\/p>\n","protected":false},"author":1,"featured_media":387,"comment_status":"open","ping_status":"open","sticky":false,"template":"","format":"standard","meta":{"_jetpack_memberships_contains_paid_content":false,"footnotes":""},"categories":[11],"tags":[],"class_list":["post-33526","post","type-post","status-publish","format-standard","has-post-thumbnail","hentry","category-opinion"],"jetpack_featured_media_url":"https:\/\/encuentroinformativo.com.mx\/wp-content\/uploads\/2020\/03\/7CF8A22B-2764-47BE-8F7F-38FE9E5D6A2F.jpeg","jetpack_sharing_enabled":true,"jetpack_likes_enabled":true,"amp_enabled":true,"_links":{"self":[{"href":"https:\/\/encuentroinformativo.com.mx\/index.php?rest_route=\/wp\/v2\/posts\/33526","targetHints":{"allow":["GET"]}}],"collection":[{"href":"https:\/\/encuentroinformativo.com.mx\/index.php?rest_route=\/wp\/v2\/posts"}],"about":[{"href":"https:\/\/encuentroinformativo.com.mx\/index.php?rest_route=\/wp\/v2\/types\/post"}],"author":[{"embeddable":true,"href":"https:\/\/encuentroinformativo.com.mx\/index.php?rest_route=\/wp\/v2\/users\/1"}],"replies":[{"embeddable":true,"href":"https:\/\/encuentroinformativo.com.mx\/index.php?rest_route=%2Fwp%2Fv2%2Fcomments&post=33526"}],"version-history":[{"count":1,"href":"https:\/\/encuentroinformativo.com.mx\/index.php?rest_route=\/wp\/v2\/posts\/33526\/revisions"}],"predecessor-version":[{"id":33527,"href":"https:\/\/encuentroinformativo.com.mx\/index.php?rest_route=\/wp\/v2\/posts\/33526\/revisions\/33527"}],"wp:featuredmedia":[{"embeddable":true,"href":"https:\/\/encuentroinformativo.com.mx\/index.php?rest_route=\/wp\/v2\/media\/387"}],"wp:attachment":[{"href":"https:\/\/encuentroinformativo.com.mx\/index.php?rest_route=%2Fwp%2Fv2%2Fmedia&parent=33526"}],"wp:term":[{"taxonomy":"category","embeddable":true,"href":"https:\/\/encuentroinformativo.com.mx\/index.php?rest_route=%2Fwp%2Fv2%2Fcategories&post=33526"},{"taxonomy":"post_tag","embeddable":true,"href":"https:\/\/encuentroinformativo.com.mx\/index.php?rest_route=%2Fwp%2Fv2%2Ftags&post=33526"}],"curies":[{"name":"wp","href":"https:\/\/api.w.org\/{rel}","templated":true}]}}