{"id":33528,"date":"2022-11-12T13:07:02","date_gmt":"2022-11-12T19:07:02","guid":{"rendered":"https:\/\/encuentroinformativo.com.mx\/?p=33528"},"modified":"2022-11-12T13:07:06","modified_gmt":"2022-11-12T19:07:06","slug":"promueven-colecta-a-favor-de-caritas","status":"publish","type":"post","link":"https:\/\/encuentroinformativo.com.mx\/?p=33528","title":{"rendered":"Promueven colecta a favor de C\u00e1ritas"},"content":{"rendered":"\n<p><strong>Dar\u00edo Pale <\/strong><\/p>\n\n\n\n<p>Xalapa, Ver.- La hermana Mar\u00eda Artemia Jim\u00e9nez, misionera de Santa Teresita dio a conocer que este s\u00e1bado 12 de noviembre se llevar\u00e1 a cabo la colecta de C\u00e1ritas, por lo que se solicita el apoyo solidario de la sociedad para la poblaci\u00f3n m\u00e1s vulnerable.<\/p>\n\n\n\n<p>En envista se\u00f1al\u00f3 que, &#8220;estamos invitando a la ciudadan\u00eda a que se sumen a esta colecta que es una vez al a\u00f1o, con el objetivo de ayudar a los que menos tienen, que son m\u00e1s vulnerables, esto es para el albergue donde tenemos enfermos y personas mayores que no tienen familiares&#8221;.<\/p>\n\n\n\n<p>En el D\u00eda de la Caridad, la colecta ser\u00e1 de las 9 de la ma\u00f1ana a las 9 de la noche, en donde unos 2 mil 500 voluntarios, plenamente identificados con gafetes, botes alcanc\u00edas selladas y con logotipos de C\u00e1ritas, pedir\u00e1n aportaciones.<\/p>\n\n\n\n<p>Las colectas se har\u00e1n en la v\u00eda p\u00fablica, plazas comerciales, parques, restaurantes, caf\u00e9s, paradas de autobuses y unidades habitacionales, as\u00ed como parroquias en 21 municipios.<\/p>\n\n\n\n<p>El presidente de C\u00e1ritas AC, el padre Quint\u00edn L\u00f3pez Cessa, exhort\u00f3 a la sociedad a compartir nuestros bienes para que a nadie le falte lo necesario.<\/p>\n\n\n\n<p>&#8220;Hay much\u00edsima gente que le hace falta lo necesario. Distinguimos la pobreza que es vivir con lo necesario, se puede vivir austeramente sin lujos y hasta es una virtud la pobreza, pero la miseria es carecer de lo necesario\u201d, subray\u00f3.<\/p>\n\n\n\n<p>Asever\u00f3 que la pandemia y la guerra en Ucrania ha tra\u00eddo consecuencias econ\u00f3micas como el encarecimiento de los productos de la canasta b\u00e1sica.<\/p>\n\n\n\n<p>Aunado a todo ello, refiri\u00f3 que la inflaci\u00f3n es tan alta que muchas veces la despensa que otorga C\u00e1ritas se tuvieron que disminuir por el encarecimiento de los productos.<\/p>\n\n\n\n<p>\u201cEntonces nos grita la realidad oye si puedes dame una mano, y de eso se trata compartir nuestros bienes para que a nadie le falte lo necesario\u201d, a\u00f1adi\u00f3.<\/p>\n\n\n\n<p>Por su parte, la vicepresidenta de C\u00e1ritas se\u00f1al\u00f3 la labor que hacen es desde hace 31 a\u00f1os en sus diferentes centros como el albergue para adultos mayores, un laboratorio de an\u00e1lisis cl\u00ednicos, C\u00e1ritas de Coatepec, un huerto y, 55 centros de atenci\u00f3n en diferentes parroquias de la ciudad y comunidades aleda\u00f1as.<\/p>\n\n\n\n<p>Finalmente dieron a conocer que lo recaudado se ofrecer\u00e1n \u00a0consultas, medicamentos despensas, comedor, servicio dental, consultas psicol\u00f3gicas, capacitaci\u00f3n y promoci\u00f3n humana (talleres de formaci\u00f3n como panader\u00eda, reposter\u00eda, carpinter\u00eda b\u00e1sica, herbolaria), entre otros.<\/p>\n\n\n\n<figure class=\"wp-block-image size-large\"><img loading=\"lazy\" decoding=\"async\" width=\"1024\" height=\"768\" src=\"https:\/\/encuentroinformativo.com.mx\/wp-content\/uploads\/2022\/11\/5F30EB0C-CB14-46F3-A471-FE7125F2E05E-1024x768.jpeg\" alt=\"\" class=\"wp-image-33530\" srcset=\"https:\/\/encuentroinformativo.com.mx\/wp-content\/uploads\/2022\/11\/5F30EB0C-CB14-46F3-A471-FE7125F2E05E-1024x768.jpeg 1024w, https:\/\/encuentroinformativo.com.mx\/wp-content\/uploads\/2022\/11\/5F30EB0C-CB14-46F3-A471-FE7125F2E05E-300x225.jpeg 300w, https:\/\/encuentroinformativo.com.mx\/wp-content\/uploads\/2022\/11\/5F30EB0C-CB14-46F3-A471-FE7125F2E05E-768x576.jpeg 768w, https:\/\/encuentroinformativo.com.mx\/wp-content\/uploads\/2022\/11\/5F30EB0C-CB14-46F3-A471-FE7125F2E05E-1536x1152.jpeg 1536w, https:\/\/encuentroinformativo.com.mx\/wp-content\/uploads\/2022\/11\/5F30EB0C-CB14-46F3-A471-FE7125F2E05E.jpeg 1600w\" sizes=\"auto, (max-width: 1024px) 100vw, 1024px\" \/><\/figure>\n","protected":false},"excerpt":{"rendered":"<p>Dar\u00edo Pale Xalapa, Ver.- La hermana Mar\u00eda Artemia Jim\u00e9nez, misionera de Santa Teresita dio a conocer que este s\u00e1bado 12 de noviembre se llevar\u00e1 a cabo la colecta de C\u00e1ritas, por lo que se solicita el apoyo solidario de la sociedad para la poblaci\u00f3n m\u00e1s vulnerable. En envista se\u00f1al\u00f3 que, &#8220;estamos invitando a la ciudadan\u00eda [&hellip;]<\/p>\n","protected":false},"author":1,"featured_media":33529,"comment_status":"open","ping_status":"open","sticky":false,"template":"","format":"standard","meta":{"_jetpack_memberships_contains_paid_content":false,"footnotes":""},"categories":[3],"tags":[],"class_list":["post-33528","post","type-post","status-publish","format-standard","has-post-thumbnail","hentry","category-xalapa"],"jetpack_featured_media_url":"https:\/\/encuentroinformativo.com.mx\/wp-content\/uploads\/2022\/11\/28879C39-9F91-4B4C-96E3-D1BA61DA609F.jpeg","jetpack_sharing_enabled":true,"jetpack_likes_enabled":true,"amp_enabled":true,"_links":{"self":[{"href":"https:\/\/encuentroinformativo.com.mx\/index.php?rest_route=\/wp\/v2\/posts\/33528","targetHints":{"allow":["GET"]}}],"collection":[{"href":"https:\/\/encuentroinformativo.com.mx\/index.php?rest_route=\/wp\/v2\/posts"}],"about":[{"href":"https:\/\/encuentroinformativo.com.mx\/index.php?rest_route=\/wp\/v2\/types\/post"}],"author":[{"embeddable":true,"href":"https:\/\/encuentroinformativo.com.mx\/index.php?rest_route=\/wp\/v2\/users\/1"}],"replies":[{"embeddable":true,"href":"https:\/\/encuentroinformativo.com.mx\/index.php?rest_route=%2Fwp%2Fv2%2Fcomments&post=33528"}],"version-history":[{"count":1,"href":"https:\/\/encuentroinformativo.com.mx\/index.php?rest_route=\/wp\/v2\/posts\/33528\/revisions"}],"predecessor-version":[{"id":33531,"href":"https:\/\/encuentroinformativo.com.mx\/index.php?rest_route=\/wp\/v2\/posts\/33528\/revisions\/33531"}],"wp:featuredmedia":[{"embeddable":true,"href":"https:\/\/encuentroinformativo.com.mx\/index.php?rest_route=\/wp\/v2\/media\/33529"}],"wp:attachment":[{"href":"https:\/\/encuentroinformativo.com.mx\/index.php?rest_route=%2Fwp%2Fv2%2Fmedia&parent=33528"}],"wp:term":[{"taxonomy":"category","embeddable":true,"href":"https:\/\/encuentroinformativo.com.mx\/index.php?rest_route=%2Fwp%2Fv2%2Fcategories&post=33528"},{"taxonomy":"post_tag","embeddable":true,"href":"https:\/\/encuentroinformativo.com.mx\/index.php?rest_route=%2Fwp%2Fv2%2Ftags&post=33528"}],"curies":[{"name":"wp","href":"https:\/\/api.w.org\/{rel}","templated":true}]}}