{"id":33536,"date":"2022-11-13T13:07:02","date_gmt":"2022-11-13T19:07:02","guid":{"rendered":"https:\/\/encuentroinformativo.com.mx\/?p=33536"},"modified":"2022-11-13T13:07:07","modified_gmt":"2022-11-13T19:07:07","slug":"marchan-xalapenos-a-favor-del-ine","status":"publish","type":"post","link":"https:\/\/encuentroinformativo.com.mx\/?p=33536","title":{"rendered":"Marchan xalape\u00f1os a favor del INE"},"content":{"rendered":"\n<p><strong>Juan Arcos <\/strong><\/p>\n\n\n\n<p>Xalapa, Ver.- M\u00e1s de 3 mil ciudadanas y ciudadanos se sumaron a la marcha en defensa del Instituto Nacional Electoral (INE) en esta ciudad de Xalapa, la capital del estado de Veracruz.<\/p>\n\n\n\n<p>Participaron en la movilizaci\u00f3n religiosos, abogados, integrantes de diversas organizaciones civiles y de distintos partidos pol\u00edticos.<\/p>\n\n\n\n<p>La gente se concentr\u00f3 en el Teatro del Estado \u201cIgnacio de la Llave\u201d y despu\u00e9s camin\u00f3 hacia Plaza Sebasti\u00e1n Lerdo de Tejada, para manifestarse frente al Palacio de Gobierno, en rechazo a la reforma al sistema de elecciones propuesta por el presidente de M\u00e9xico, Andr\u00e9s Manuel L\u00f3pez Obrador.<\/p>\n\n\n\n<p>Los opositores del gobierno morenista est\u00e1n en contra de que el INE sea sustituido por el Instituto Nacional de Elecciones y Consultas, que ser\u00eda integrado por un n\u00famero menor de consejeros electorales y contemplar\u00eda una reducci\u00f3n presupuestaria.<\/p>\n\n\n\n<p>Las personas tambi\u00e9n se oponen a la desaparici\u00f3n de los organismos p\u00fablicos locales electorales (OPLE\u2019s) en las distintas entidades federativas.<\/p>\n\n\n\n<p>De acuerdo con Adriana Franco Sampoyo, integrante del Frente Nacional por la Familia, tambi\u00e9n hubo marchas es otros municipios de esta entidad, como C\u00f3rdoba, Orizaba, Poza Rica, Tuxpan y el puerto de Veracruz.<\/p>\n\n\n\n<p>\u201cEs preocupante la iniciativa que ha lanzado el Poder Ejecutivo Federal, es por eso que estamos en la lucha, en la defensa por la democracia, por la unidad, por la paz\u201d, expres\u00f3.<\/p>\n\n\n\n<p>Indic\u00f3 que en esta manifestaci\u00f3n participaron militantes y simpatizantes de distintos partidos pol\u00edticos y tambi\u00e9n personalidades de la Iglesia Cat\u00f3lica.<\/p>\n\n\n\n<p>La marcha en defensa del INE se llevar\u00eda a cabo en m\u00e1s de 22 entidades de la Rep\u00fablica Mexicana durante este domingo 13 de noviembre.<\/p>\n\n\n\n<figure class=\"wp-block-image size-large\"><img loading=\"lazy\" decoding=\"async\" width=\"1024\" height=\"576\" src=\"https:\/\/encuentroinformativo.com.mx\/wp-content\/uploads\/2022\/11\/2552F1F6-225C-42EB-BE6E-B24256A8766C-1024x576.jpeg\" alt=\"\" class=\"wp-image-33538\" srcset=\"https:\/\/encuentroinformativo.com.mx\/wp-content\/uploads\/2022\/11\/2552F1F6-225C-42EB-BE6E-B24256A8766C-1024x576.jpeg 1024w, https:\/\/encuentroinformativo.com.mx\/wp-content\/uploads\/2022\/11\/2552F1F6-225C-42EB-BE6E-B24256A8766C-300x169.jpeg 300w, https:\/\/encuentroinformativo.com.mx\/wp-content\/uploads\/2022\/11\/2552F1F6-225C-42EB-BE6E-B24256A8766C-768x432.jpeg 768w, https:\/\/encuentroinformativo.com.mx\/wp-content\/uploads\/2022\/11\/2552F1F6-225C-42EB-BE6E-B24256A8766C-1536x864.jpeg 1536w, https:\/\/encuentroinformativo.com.mx\/wp-content\/uploads\/2022\/11\/2552F1F6-225C-42EB-BE6E-B24256A8766C.jpeg 1760w\" sizes=\"auto, (max-width: 1024px) 100vw, 1024px\" \/><\/figure>\n\n\n\n<figure class=\"wp-block-image size-large\"><img loading=\"lazy\" decoding=\"async\" width=\"1024\" height=\"768\" src=\"https:\/\/encuentroinformativo.com.mx\/wp-content\/uploads\/2022\/11\/7418E454-AF36-4A86-9866-5AAB4BCF5AB1-1024x768.jpeg\" alt=\"\" class=\"wp-image-33539\" srcset=\"https:\/\/encuentroinformativo.com.mx\/wp-content\/uploads\/2022\/11\/7418E454-AF36-4A86-9866-5AAB4BCF5AB1-1024x768.jpeg 1024w, https:\/\/encuentroinformativo.com.mx\/wp-content\/uploads\/2022\/11\/7418E454-AF36-4A86-9866-5AAB4BCF5AB1-300x225.jpeg 300w, https:\/\/encuentroinformativo.com.mx\/wp-content\/uploads\/2022\/11\/7418E454-AF36-4A86-9866-5AAB4BCF5AB1-768x576.jpeg 768w, https:\/\/encuentroinformativo.com.mx\/wp-content\/uploads\/2022\/11\/7418E454-AF36-4A86-9866-5AAB4BCF5AB1-1536x1152.jpeg 1536w, https:\/\/encuentroinformativo.com.mx\/wp-content\/uploads\/2022\/11\/7418E454-AF36-4A86-9866-5AAB4BCF5AB1.jpeg 2016w\" sizes=\"auto, (max-width: 1024px) 100vw, 1024px\" \/><\/figure>\n","protected":false},"excerpt":{"rendered":"<p>Juan Arcos Xalapa, Ver.- M\u00e1s de 3 mil ciudadanas y ciudadanos se sumaron a la marcha en defensa del Instituto Nacional Electoral (INE) en esta ciudad de Xalapa, la capital del estado de Veracruz. Participaron en la movilizaci\u00f3n religiosos, abogados, integrantes de diversas organizaciones civiles y de distintos partidos pol\u00edticos. La gente se concentr\u00f3 en [&hellip;]<\/p>\n","protected":false},"author":1,"featured_media":33537,"comment_status":"open","ping_status":"open","sticky":false,"template":"","format":"standard","meta":{"_jetpack_memberships_contains_paid_content":false,"footnotes":""},"categories":[3],"tags":[],"class_list":["post-33536","post","type-post","status-publish","format-standard","has-post-thumbnail","hentry","category-xalapa"],"jetpack_featured_media_url":"https:\/\/encuentroinformativo.com.mx\/wp-content\/uploads\/2022\/11\/C7C2F7A4-2299-4E4C-BFB4-9EA55850CFB5.jpeg","jetpack_sharing_enabled":true,"jetpack_likes_enabled":true,"amp_enabled":true,"_links":{"self":[{"href":"https:\/\/encuentroinformativo.com.mx\/index.php?rest_route=\/wp\/v2\/posts\/33536","targetHints":{"allow":["GET"]}}],"collection":[{"href":"https:\/\/encuentroinformativo.com.mx\/index.php?rest_route=\/wp\/v2\/posts"}],"about":[{"href":"https:\/\/encuentroinformativo.com.mx\/index.php?rest_route=\/wp\/v2\/types\/post"}],"author":[{"embeddable":true,"href":"https:\/\/encuentroinformativo.com.mx\/index.php?rest_route=\/wp\/v2\/users\/1"}],"replies":[{"embeddable":true,"href":"https:\/\/encuentroinformativo.com.mx\/index.php?rest_route=%2Fwp%2Fv2%2Fcomments&post=33536"}],"version-history":[{"count":1,"href":"https:\/\/encuentroinformativo.com.mx\/index.php?rest_route=\/wp\/v2\/posts\/33536\/revisions"}],"predecessor-version":[{"id":33540,"href":"https:\/\/encuentroinformativo.com.mx\/index.php?rest_route=\/wp\/v2\/posts\/33536\/revisions\/33540"}],"wp:featuredmedia":[{"embeddable":true,"href":"https:\/\/encuentroinformativo.com.mx\/index.php?rest_route=\/wp\/v2\/media\/33537"}],"wp:attachment":[{"href":"https:\/\/encuentroinformativo.com.mx\/index.php?rest_route=%2Fwp%2Fv2%2Fmedia&parent=33536"}],"wp:term":[{"taxonomy":"category","embeddable":true,"href":"https:\/\/encuentroinformativo.com.mx\/index.php?rest_route=%2Fwp%2Fv2%2Fcategories&post=33536"},{"taxonomy":"post_tag","embeddable":true,"href":"https:\/\/encuentroinformativo.com.mx\/index.php?rest_route=%2Fwp%2Fv2%2Ftags&post=33536"}],"curies":[{"name":"wp","href":"https:\/\/api.w.org\/{rel}","templated":true}]}}