{"id":33541,"date":"2022-11-13T13:20:40","date_gmt":"2022-11-13T19:20:40","guid":{"rendered":"https:\/\/encuentroinformativo.com.mx\/?p=33541"},"modified":"2022-11-13T13:20:44","modified_gmt":"2022-11-13T19:20:44","slug":"reactiva-alcalde-jm-unanue-las-reuniones-anuales-con-los-jefes-de-manzana","status":"publish","type":"post","link":"https:\/\/encuentroinformativo.com.mx\/?p=33541","title":{"rendered":"Reactiva Alcalde JM Un\u00e1nue las reuniones anuales con los Jefes de Manzana"},"content":{"rendered":"\n<p><strong>*<em>Durante tres d\u00edas se llevaron a cabo cinco reuniones con diferentes bloques de Jefes de Manzana de las diversas colonias y fraccionamientos de Boca del R\u00edo<\/em>.<\/strong><\/p>\n\n\n\n<p>Boca del R\u00edo, Ver.- Para el ayuntamiento de Boca del R\u00edo y su Presidente Municipal, la figura del Jefe de Manzana es de mucha val\u00eda, pues ellos son los ojos y o\u00eddos del alcalde para que se entere de qu\u00e9 es lo que pasa y qu\u00e9 se necesita en las diversas zonas de la ciudad.<\/p>\n\n\n\n<p>Por ello, despu\u00e9s de muchos a\u00f1os, el alcalde Juan Manuel de Un\u00e1nue Abascal instruy\u00f3 a la Direcci\u00f3n de Gobernaci\u00f3n para implementar de regreso las reuniones anuales con capacitaci\u00f3n para los mil 398 jefes de manzana que conforman el padr\u00f3n.<\/p>\n\n\n\n<p>Fue as\u00ed que durante tres d\u00edas continuos en el teatro Fernando Guti\u00e9rrez Barrios, se llevaron a cabo cinco reuniones con diferentes bloques de Jefes de Manzana de las diversas colonias y fraccionamientos de Boca del R\u00edo.<\/p>\n\n\n\n<p>\u201cEsta figura que representar\u00e1n ustedes a partir de hoy ya con su nombramiento, con su placa, nos ser\u00e1 de mucha utilidad. Les agradezco much\u00edsimo su apoyo, su tiempo, el inter\u00e9s que muestran por su ciudad, por sus vecinos sobre todo; decirles que cuentan con un servidor en estos 3 a\u00f1os dos meses que nos quedan de gobierno\u201d, extern\u00f3 el mun\u00edcipe.<\/p>\n\n\n\n<p>Reiter\u00f3 que para su administraci\u00f3n es importante la cercan\u00eda y atenci\u00f3n a estos representantes de la ciudadan\u00eda.<\/p>\n\n\n\n<p>Durante la capacitaci\u00f3n, los Jefes de Manzana fueron instruidos respecto a los requisitos que se necesitan para serlo, sus atribuciones, los documentos que pueden expedir como constancias de diversos tipos, as\u00ed tambi\u00e9n se les instruy\u00f3 sobre el SIAC (Sistema de Informaci\u00f3n Ciudadana), una herramienta digital que les servir\u00e1 de mucho para estar en constante comunicaci\u00f3n con el ayuntamiento, o si se les facilita m\u00e1s acudir al palacio municipal de manera presencial pueden hacerlo.<\/p>\n\n\n\n<p>Por \u00faltimo les record\u00f3 que hasta la fecha, se lleva un avance del 70% de ejecuci\u00f3n de obra p\u00fablica con una inversi\u00f3n de m\u00e1s de 100 millones de pesos para este a\u00f1o, incluyendo las jornadas de bacheo.<\/p>\n","protected":false},"excerpt":{"rendered":"<p>*Durante tres d\u00edas se llevaron a cabo cinco reuniones con diferentes bloques de Jefes de Manzana de las diversas colonias y fraccionamientos de Boca del R\u00edo. Boca del R\u00edo, Ver.- Para el ayuntamiento de Boca del R\u00edo y su Presidente Municipal, la figura del Jefe de Manzana es de mucha val\u00eda, pues ellos son los [&hellip;]<\/p>\n","protected":false},"author":1,"featured_media":33542,"comment_status":"open","ping_status":"open","sticky":false,"template":"","format":"standard","meta":{"_jetpack_memberships_contains_paid_content":false,"footnotes":""},"categories":[2],"tags":[],"class_list":["post-33541","post","type-post","status-publish","format-standard","has-post-thumbnail","hentry","category-estado"],"jetpack_featured_media_url":"https:\/\/encuentroinformativo.com.mx\/wp-content\/uploads\/2022\/11\/50CE85EE-58E0-46C1-BD39-330C48D5FEE4.jpeg","jetpack_sharing_enabled":true,"jetpack_likes_enabled":true,"amp_enabled":true,"_links":{"self":[{"href":"https:\/\/encuentroinformativo.com.mx\/index.php?rest_route=\/wp\/v2\/posts\/33541","targetHints":{"allow":["GET"]}}],"collection":[{"href":"https:\/\/encuentroinformativo.com.mx\/index.php?rest_route=\/wp\/v2\/posts"}],"about":[{"href":"https:\/\/encuentroinformativo.com.mx\/index.php?rest_route=\/wp\/v2\/types\/post"}],"author":[{"embeddable":true,"href":"https:\/\/encuentroinformativo.com.mx\/index.php?rest_route=\/wp\/v2\/users\/1"}],"replies":[{"embeddable":true,"href":"https:\/\/encuentroinformativo.com.mx\/index.php?rest_route=%2Fwp%2Fv2%2Fcomments&post=33541"}],"version-history":[{"count":1,"href":"https:\/\/encuentroinformativo.com.mx\/index.php?rest_route=\/wp\/v2\/posts\/33541\/revisions"}],"predecessor-version":[{"id":33543,"href":"https:\/\/encuentroinformativo.com.mx\/index.php?rest_route=\/wp\/v2\/posts\/33541\/revisions\/33543"}],"wp:featuredmedia":[{"embeddable":true,"href":"https:\/\/encuentroinformativo.com.mx\/index.php?rest_route=\/wp\/v2\/media\/33542"}],"wp:attachment":[{"href":"https:\/\/encuentroinformativo.com.mx\/index.php?rest_route=%2Fwp%2Fv2%2Fmedia&parent=33541"}],"wp:term":[{"taxonomy":"category","embeddable":true,"href":"https:\/\/encuentroinformativo.com.mx\/index.php?rest_route=%2Fwp%2Fv2%2Fcategories&post=33541"},{"taxonomy":"post_tag","embeddable":true,"href":"https:\/\/encuentroinformativo.com.mx\/index.php?rest_route=%2Fwp%2Fv2%2Ftags&post=33541"}],"curies":[{"name":"wp","href":"https:\/\/api.w.org\/{rel}","templated":true}]}}