{"id":33544,"date":"2022-11-13T14:56:08","date_gmt":"2022-11-13T20:56:08","guid":{"rendered":"https:\/\/encuentroinformativo.com.mx\/?p=33544"},"modified":"2022-11-13T14:56:13","modified_gmt":"2022-11-13T20:56:13","slug":"reclaman-justicia-para-elisa-madre-encarcelada","status":"publish","type":"post","link":"https:\/\/encuentroinformativo.com.mx\/?p=33544","title":{"rendered":"Reclaman justicia para Elisa, madre encarcelada"},"content":{"rendered":"\n<p><strong>Juan Arcos<\/strong><\/p>\n\n\n\n<p>Xalapa, Ver.- Elisa Mar\u00eda Zald\u00edvar Barcelata fue detenida el pasado 13 de octubre en el estado de Veracruz y trasladada al Centro de Readaptaci\u00f3n Social de Canc\u00fan, Quintana Roo, por un delito que no cometi\u00f3 y que fue \u201cfabricado\u201d por las presuntas influencias de su expareja, con quien se disputada la custodia de sus dos hijos.<\/p>\n\n\n\n<p>De acuerdo con Gabriela Pablos Saucedo, integrante del Frente Nacional de Mujeres, Elisa fue v\u00edctima de violencia vicaria, misma que se da cuando un progenitor ataca a una hija o hijo con el objetivo de causar dolor a la madre.<\/p>\n\n\n\n<p>Denunci\u00f3 que el padre de los hijos de Elisa, el m\u00e9dico esteticista Juan Eugenio \u201cN\u201d, est\u00e1 amparado por la violencia institucional y presuntamente por el abuso de autoridad de sus familiares, quienes se desempe\u00f1an como servidores p\u00fablicos en el Poder Judicial y en el Gobierno del Estado de Veracruz.<\/p>\n\n\n\n<p>\u201cElisa Mar\u00eda se suma a una m\u00e1s de la infinita lista que crece cada d\u00eda de madres que viven violencia vicaria. La m\u00e1s cruel de las violencias por ser una violencia de fuertes abusos continuos al usar a los hijos como un instrumento de tortura para la madre y la fuerte escalada de violencia que las golpea en todos los aspectos de su vida.<\/p>\n\n\n\n<p>En los peores casos, como en el de Elisa Mar\u00eda, las madres terminan encarceladas por delitos fabricados, la violencia vicaria tambi\u00e9n llega a terminar en feminicidio y filicidio\u201d, a\u00f1ade Gabriela.<\/p>\n\n\n\n<p>El 13 de octubre, Elisa estaba en Veracruz, pretend\u00eda convivir con sus peque\u00f1os, quienes fueron privados de estar con ella por m\u00e1s de un a\u00f1o. Pese a estar dictadas las convivencias por el juez de lo familiar, Juan Eugenio \u201cN\u201d no present\u00f3 a los menores en varias ocasiones y levant\u00f3 una denuncia por corrupci\u00f3n de menores.<\/p>\n\n\n\n<p>Despu\u00e9s, el juzgado requiri\u00f3 a Elisa para realizar unas periciales en psicolog\u00eda y revincularse con sus peque\u00f1os, de cuatro y seis a\u00f1os de edad, en el Centro de Convivencias de lo Familiar; sin embargo, all\u00ed le fue ejecutada una orden de aprehensi\u00f3n por el supuesto delito de corrupci\u00f3n de menores y trasladada al Cereso de Quintana Roo.<\/p>\n\n\n\n<p><strong>PRISI\u00d3N PREVENTIVA OFICIOSA\u00a0<\/strong><\/p>\n\n\n\n<p>Elisa Mar\u00eda fue vinculada a proceso con una medida cautelar de dos a\u00f1os de prisi\u00f3n preventiva oficiosa y seis meses para la investigaci\u00f3n complementaria por una jueza que despu\u00e9s se declar\u00f3 \u201cincompetente\u201d para la materia y turn\u00f3 el caso a un juez en Playa del Carmen.<\/p>\n\n\n\n<p>\u201cAhora Elisa est\u00e1 en una celda por un delito que no cometi\u00f3 y que le fabricaron, mientras sus agresores duermen en plena impunidad y el cobijo de la comodidad que les otorga el acceso al poder Juan Eugenio, su agresor y padre de sus peque\u00f1os, es tambi\u00e9n sobrino de la Magistrada Bertha In\u00e9s Chavez M\u00e9ndez. La magistrada ha sido se\u00f1alada anteriormente en la prensa local por ser responsable de diversas anomal\u00edas ocurridas en contra de menores mientras permanec\u00edan en la Ciudad de los Ni\u00f1os, situaci\u00f3n que hizo que fuera suspendida en diversas ocasiones como medida de apremio\u201d, a\u00f1adi\u00f3.<\/p>\n\n\n\n<p>La feminista se\u00f1al\u00f3 que el agresor de Elisa tambi\u00e9n es primo del hijo de la magistrada, Jorge Alberto Ch\u00e1vez M\u00e9ndez, quien se ha desempe\u00f1ado como particular del secretario de Gobierno del Estado de Veracruz, Eric Patrocinio Cisneros.\u00a0<br>\u201cJorge Alberto fue se\u00f1alado por la prensa por abuso de autoridad y abuso de poder pues al parecer ya hab\u00eda fabricado delitos con anterioridad, al estar involucrado en la detenci\u00f3n ilegal de seis j\u00f3venes en una plaza comercial. Presuntamente ped\u00edan al particular del Secretario de Gobernaci\u00f3n que pagara por los da\u00f1os que hizo a un veh\u00edculo, y termin\u00f3 inventando que el afectado y los cinco j\u00f3venes lo quer\u00edan secuestrar. Pidi\u00f3 a la polic\u00eda que los detuvieran. Al ser un problema entre particulares, para justificar la detenci\u00f3n acusaron a los j\u00f3venes por ultrajes a la autoridad y les sembraron navajas, situaci\u00f3n que fue noticia a nivel nacional\u201d, detall\u00f3.<\/p>\n\n\n\n<p>Elisa habl\u00f3 con Gabriela por tel\u00e9fono y le dijo: \u201cel padre de mis hijos levant\u00f3 la denuncia de corrupci\u00f3n de menores, cuando yo ya estaba por volver a ver a mis hijos en Cecofam, esa denuncia realmente a mi abogado y a m\u00ed ni nos preocupaba, porque no ten\u00eda sustento alguno, me achacaban la \u2018corrupci\u00f3n de menores\u2019 seg\u00fan por tener hierbas arom\u00e1ticas en mi casa para sahumar y tergiversaron todo diciendo que yo se las daba de fumar a mi hijito, pero luego meti\u00f3 la agravante cuando acus\u00f3 a uno de mis testigos por abuso sexual y a m\u00ed por encubrimiento, lo denunciaron falsamente por haber sido mi testigo y porque yo ya estaba logrando volver a ver a mis hijos\u201d.<\/p>\n\n\n\n<p>La mujer sufre esta guerra legal desde hace m\u00e1s de un a\u00f1o, cuando viaj\u00f3 a Colombia y acord\u00f3 con Juan Eugenio que los ni\u00f1os se quedar\u00edan con \u00e9l mientras ella estaba ausente.<\/p>\n\n\n\n<p>\u201cSu sorpresa fue que al enterarse \u00e9l de que ella tendr\u00eda una nueva pareja sentimental, el m\u00e9dico esteticista interpuso una demanda de controversia del orden de lo familiar y no le permiti\u00f3 volver a ver a sus hijitos\u201d, indic\u00f3 Pablos Saucedo.<\/p>\n\n\n\n<p>El dep\u00f3sito del cuidado de los peque\u00f1os hab\u00eda sido otorgado por el juzgado a la abuela paterna. Ella denunci\u00f3 la sustracci\u00f3n de los menores y comenz\u00f3 a contestar a los litigios \u201cabusivos\u201d con todo y la disparidad de poder a la que se enfrent\u00f3 desde un inicio, sin que sus denuncias tuvieran el seguimiento adecuado que lograra la restituci\u00f3n inmediata de sus hijos al seno materno.<\/p>\n\n\n\n<p>\u201cAl momento de su detenci\u00f3n Elisa Mar\u00eda tambi\u00e9n vivi\u00f3 el estigma, prejuicio y desinformaci\u00f3n de los medios de comunicaci\u00f3n producto de la difamaci\u00f3n de sus agresores y de las autoridades, quienes la exhibieron dando una versi\u00f3n sensacionalista de los hechos, y pasando por completo de largo el tema de lo que verdaderamente acontece: la violencia vicaria que vive por el progenitor de sus hijos y el tr\u00e1fico de influencias del agresor y el abuso de autoridad de sus familiares en el poder para causarle da\u00f1o y perjudicarla\u201d, enfatiz\u00f3 la activista.<\/p>\n\n\n\n<p><strong>MUJERES INOCENTES\u00a0<\/strong><\/p>\n\n\n\n<p>Gabriela detall\u00f3 que Elisa envi\u00f3 un mensaje a sus familiares y amigos desde el interior de su celda, donde se lee: \u201caqu\u00ed adentro hay mujeres inocentes y mujeres culpables por lo que se les acusa, estando aqui nadie puede ocultar lo que uno es\u201d.<\/p>\n\n\n\n<p>Por este caso, las integrantes del Frente Nacional de Mujeres exigieron la liberaci\u00f3n inmediata de Elisa Mar\u00eda Zald\u00edvar Barcelata, la restituci\u00f3n inmediata de sus hijos con ella, y justicia\u00a0para que sus agresores sean destituidos de sus cargos p\u00fablicos y la violencia que ha sufrido no quede impune.<\/p>\n\n\n\n<p>\u201cLa c\u00e1rcel es para delincuentes, no para las madres que s\u00f3lo buscan recuperar las custodias de sus hijos en litigios fraudulentos y abusivos. Criminalizar a las mujeres inocentes es violencia machista, usar a las instituciones para arrinconarlas y encarcelarlas para que se desistan de su derecho a maternar a sus hijos y del derecho de sus hijos a ser maternados es violencia vicaria, y actualmente es ya un grave problema social en aumento\u201d, acus\u00f3 Gabriela Pablos.<\/p>\n\n\n\n<p>Pablos Saucedo y sus hijos son v\u00edctimas de violencia vicaria. Desde hace m\u00e1s de 600 d\u00edas busca a su beb\u00e9 Emilio Balam quien fue apartado de ella cuando ten\u00eda tan solo siete meses.<\/p>\n\n\n\n<p>Gabriela es activista en contra de la violencia vicaria en el Frente Nacional de Mujeres. Actualmente trabaja en la promulgaci\u00f3n de la Ley Vicaria y asiste a madres que tambi\u00e9n buscan a sus hijos y viven violencia institucional.<\/p>\n","protected":false},"excerpt":{"rendered":"<p>Juan Arcos Xalapa, Ver.- Elisa Mar\u00eda Zald\u00edvar Barcelata fue detenida el pasado 13 de octubre en el estado de Veracruz y trasladada al Centro de Readaptaci\u00f3n Social de Canc\u00fan, Quintana Roo, por un delito que no cometi\u00f3 y que fue \u201cfabricado\u201d por las presuntas influencias de su expareja, con quien se disputada la custodia de [&hellip;]<\/p>\n","protected":false},"author":1,"featured_media":33545,"comment_status":"open","ping_status":"open","sticky":false,"template":"","format":"standard","meta":{"_jetpack_memberships_contains_paid_content":false,"footnotes":""},"categories":[2],"tags":[],"class_list":["post-33544","post","type-post","status-publish","format-standard","has-post-thumbnail","hentry","category-estado"],"jetpack_featured_media_url":"https:\/\/encuentroinformativo.com.mx\/wp-content\/uploads\/2022\/11\/B0BD577A-EB3D-44A6-840F-69E3B1BE3F15.jpeg","jetpack_sharing_enabled":true,"jetpack_likes_enabled":true,"amp_enabled":true,"_links":{"self":[{"href":"https:\/\/encuentroinformativo.com.mx\/index.php?rest_route=\/wp\/v2\/posts\/33544","targetHints":{"allow":["GET"]}}],"collection":[{"href":"https:\/\/encuentroinformativo.com.mx\/index.php?rest_route=\/wp\/v2\/posts"}],"about":[{"href":"https:\/\/encuentroinformativo.com.mx\/index.php?rest_route=\/wp\/v2\/types\/post"}],"author":[{"embeddable":true,"href":"https:\/\/encuentroinformativo.com.mx\/index.php?rest_route=\/wp\/v2\/users\/1"}],"replies":[{"embeddable":true,"href":"https:\/\/encuentroinformativo.com.mx\/index.php?rest_route=%2Fwp%2Fv2%2Fcomments&post=33544"}],"version-history":[{"count":1,"href":"https:\/\/encuentroinformativo.com.mx\/index.php?rest_route=\/wp\/v2\/posts\/33544\/revisions"}],"predecessor-version":[{"id":33546,"href":"https:\/\/encuentroinformativo.com.mx\/index.php?rest_route=\/wp\/v2\/posts\/33544\/revisions\/33546"}],"wp:featuredmedia":[{"embeddable":true,"href":"https:\/\/encuentroinformativo.com.mx\/index.php?rest_route=\/wp\/v2\/media\/33545"}],"wp:attachment":[{"href":"https:\/\/encuentroinformativo.com.mx\/index.php?rest_route=%2Fwp%2Fv2%2Fmedia&parent=33544"}],"wp:term":[{"taxonomy":"category","embeddable":true,"href":"https:\/\/encuentroinformativo.com.mx\/index.php?rest_route=%2Fwp%2Fv2%2Fcategories&post=33544"},{"taxonomy":"post_tag","embeddable":true,"href":"https:\/\/encuentroinformativo.com.mx\/index.php?rest_route=%2Fwp%2Fv2%2Ftags&post=33544"}],"curies":[{"name":"wp","href":"https:\/\/api.w.org\/{rel}","templated":true}]}}