{"id":33547,"date":"2022-11-14T09:51:57","date_gmt":"2022-11-14T15:51:57","guid":{"rendered":"https:\/\/encuentroinformativo.com.mx\/?p=33547"},"modified":"2022-11-14T09:52:01","modified_gmt":"2022-11-14T15:52:01","slug":"la-expo-turismo-y-el-wtc-de-veracruz","status":"publish","type":"post","link":"https:\/\/encuentroinformativo.com.mx\/?p=33547","title":{"rendered":"LA EXPO TURISMO Y EL WTC DE VERACRUZ"},"content":{"rendered":"\n<p><strong>ColumnaSinNombre<br>@pablojair<\/strong><\/p>\n\n\n\n<ul class=\"wp-block-list\"><li>El finado del C\u00e1rtel del Totonacapan.<\/li><li>Notario p\u00fablico, una fichita.<\/li><li>Todo el \u00e9xito, paisano.<\/li><li>La mentada marcha.<\/li><\/ul>\n\n\n\n<p>\u00bfPara cu\u00e1ndo una marcha contra Verstappen<br>por ser bien ojete contra el Checo P\u00e9rez?<br>&#8211;Chopenjawer<\/p>\n\n\n\n<p>Del martes 15 hasta el jueves 17 se realizar\u00e1 en el ya legendario World Trade Center de Boca del R\u00edo, la Expo Turismo Veracruz 2022 y la verdad no hay que perderla de vista, porque se trata de la plataforma de negocios tur\u00edsticos m\u00e1s importante del sur mexicano y la segunda m\u00e1s importante del pa\u00eds.<\/p>\n\n\n\n<p>Luego de la pandemia (de la que ya parece que libramos lo peor) ya es necesario que se reactiven las actividades econ\u00f3micas fuertes &#8211;como ha venido ocurriendo con otros eventos&#8211; y qu\u00e9 mejor escenario que el WTC, donde se espera una afluencia diaria de 3 mil visitantes para la Expo Turismo y se podr\u00e1 disfrutar de arte popular, expresiones art\u00edsticas, conferencias, muestras gastron\u00f3micas y otras experiencias.<\/p>\n\n\n\n<p>Y es que el WTC Veracruz se ha convertido desde hace a\u00f1os en el puente entre el gobierno y el empresariado local e internacional, adem\u00e1s de ser un espacio de encuentro para el turismo, la ciencia y la academia con el llamado turismo de convenciones.<\/p>\n\n\n\n<p>Por lo pronto, la Expo Turismo ser\u00e1 la gran reuni\u00f3n anual de profesionales del sector tur\u00edstico, no solo de Veracruz, sino de todo el pa\u00eds, que ser\u00e1 albergada en 20 mil 589 metros cuadrados de piso de exposici\u00f3n, donde habr\u00e1 200 empresas participantes.<\/p>\n\n\n\n<p>En esta ocasi\u00f3n hay 4 pa\u00edses invitados: Belice, Cuba, El Salvador, Panam\u00e1. Habr\u00e1 10 conferencistas nacionales e internacionales, 38 municipios con disposici\u00f3n tur\u00edstica y 6 pueblos m\u00e1gicos presentes.<\/p>\n\n\n\n<p>\u00bfY qu\u00e9 se busca principalmente? La interacci\u00f3n entre compradores nacionales e internacionales; operadores tur\u00edsticos veracruzanos con sus pares de otros estados y pa\u00edses.<\/p>\n\n\n\n<p>De igual manera, se busca la sinergia entre acciones de gobierno y la iniciativa privada para tareas concretas y recursos que permitan el desarrollo integral de los destinos tur\u00edsticos locales y que propicien la recuperaci\u00f3n econ\u00f3mica del sector (como lo mencionaba al principio).<\/p>\n\n\n\n<p>As\u00ed pues, esta ser\u00e1 la gran reuni\u00f3n anual de profesionales del sector tur\u00edstico, no solo de Veracruz, sino de todo el pa\u00eds.<\/p>\n\n\n\n<p>Tampoco debe perderse &#8211;lo que creo es&#8211; el principal foco de relevancia: seg\u00fan datos de la Secretar\u00eda de Turismo, esta industria representa entre el 20 y 25 por ciento del Producto Interno Bruto del estado, y la derrama econ\u00f3mica por la actividad llegar\u00eda a 25 mil millones de pesos en 2022.<\/p>\n\n\n\n<p>De entrada, el turismo de reuniones posiciona al estado como uno de los principales destinos para cerrar negocios.<\/p>\n\n\n\n<p>Ejemplos m\u00e1s recientes: la Expo Chedraui, con 8 mil asistentes entre colaboradores, proveedores y expositores, generando gran derrama econ\u00f3mica en el estado e incrementando la ocupaci\u00f3n hotelera en nuestro destino.<\/p>\n\n\n\n<p>Otro fue el Congreso de la Federaci\u00f3n Mexicana de Colegios de Ortopedia y Traumatolog\u00eda, A.C., que se llev\u00f3 a cabo en octubre, y a donde acudieron 3 mil 500 m\u00e9dicos especialistas y 500 expositores, promotores e invitados especiales, quienes ocuparon 16 salones de WTC Veracruz y tuvieron participaciones internacionales de Austria, Colombia, Cuba, Per\u00fa, Ecuador, Espa\u00f1a, Uruguay y Rep\u00fablica Dominicana.<\/p>\n\n\n\n<p>O sea, no todo es para grilla, no todo es para evento pol\u00edtico. Y el ramo de turismo aporta mucho, bastante, a la econom\u00eda del estado, como lo que ocurre en el WTC.<\/p>\n\n\n\n<p><strong>NOTA PARA PEGAR EN EL REFRI: <\/strong>Hace algunos a\u00f1os se conoci\u00f3 en c\u00edrculos pol\u00edticos y policiacos que quien estar\u00eda involucrado o habr\u00eda participado en el asesinato del director del diario &#8220;La Opini\u00f3n de Poza Rica&#8221;, Ra\u00fal Gibb Guerrero (ocurrido el 8 de abril de 2005) era el prominente empresario naranjero R\u00f3mulo Isael Salazar Mac\u00edas &#8211;ya fallecido en 2021&#8211; ya que los presuntos asesinos se habr\u00edan refugiado en una de sus propiedades en los momentos previos del crimen\u2026 Fue el maestro C\u00e9sar V\u00e1zquez Chagoya (abrazo, patr\u00f3n) quien lo se\u00f1alaba como parte del C\u00e1rtel del Totonacapan, pero el empresario sigui\u00f3 como si nada y hasta le siguieron dando cargos p\u00fablicos en el PRI\u2026 Este fin de semana se revel\u00f3 que en una propiedad del finado se encontr\u00f3 un supuesto centro de operaciones de la delincuencia organizada, en el municipio de Espinal (al lado de Papantla), donde se report\u00f3 gente armada y se encontraron diversos objetos t\u00e1cticos y armas. Oficialmente no se ha dado a conocer m\u00e1s del asunto, pero el operativo existi\u00f3 y participaron autoridades de los tres niveles.<\/p>\n\n\n\n<p><strong>OTRA NOTA: <\/strong>En Versiones.com.mx podr\u00e1 leer la historia de una mujer que valientemente ha denunciado violencia por parte de su ex-pareja sentimental, un conocido notario p\u00fablico de la Cuenca del Papaloapan\u2026 El vato incluso habr\u00eda matado a una mascota con un arma de fuego s\u00f3lo por mostrarse machito y muy cabr\u00f3n\u2026 Por cierto, \u00bfa poco no tienen conocimiento de las actos violentos en el Colegio de Notarios P\u00fablicos del Estado de Veracruz? \u00bfNeta no van a investigar nada? Por lo pronto, la denuncia ya est\u00e1 interpuesta.<\/p>\n\n\n\n<p><strong>OTRA NOTA EXTRA:<\/strong> Hablando de fugas de cerebros al extranjero\u2026 Conozco a Adri\u00e1n Duhalt desde la secundaria y es uno de los expertos en temas energ\u00e9ticos que m\u00e1s ha destacado en el pa\u00eds por su trabajo de investigaci\u00f3n y art\u00edculos en esa materia\u2026 Hace algunos a\u00f1os retomamos contacto y hemos convivido con su familia como buenos minatitlecos exiliados en Coatepec: comiendo harto rico y hablando a gritos\u2026 Esta semana, el graduado de la Universidad de Sussex, Inglaterra, se integra a la Universidad de Columbia (de las &#8220;Ivy League&#8221; del gabacho y una de las universidades m\u00e1s prestigiosas y selectivas del mundo) como investigador en el Centro de Pol\u00edticas sobre Energ\u00eda Global de la Escuela de Negocios Internacionales\u2026 Anteriormente, estuvo en el Instituto Baker de la Universidad Rice, en Houston, Texas; as\u00ed como fue profesor en la Escuela de Negocios y Econom\u00eda en la Universidad de las Am\u00e9ricas de Puebla (UDLAP)\u2026 Desde aqu\u00ed, todo el \u00e9xito para el buen Adri\u00e1n, a qui\u00e9n se le dese\u00f3 buen viaje entre mole del Chinini, taza de caf\u00e9 Santo y nanche curtido al estilo istme\u00f1o, xapap\u00e1\u2026<\/p>\n\n\n\n<p><strong>LA \u00daLTIMA PORQUE TOCA RADIO TEMPRANITO: <\/strong>No ayuda en nada decir si hubo pocos en la marcha realizada este domingo; la verdad fue m\u00e1s multitudinaria de lo que muchos hab\u00edan pensado que no iba a ser, adem\u00e1s de que se hizo en otras ciudades\u2026 Como protesta, es leg\u00edtima: est\u00e1n en todo su derecho de salir a las calles para lanzar consignas quienes consideran es una causa, aunque en realidad haya sido una marcha m\u00e1s bien de intereses partidistas convocada precisamente por actores pol\u00edticos deleznables y que han hecho mucho da\u00f1o a la democracia en M\u00e9xico\u2026 Y es que el real fondo de la protesta no es que vayan a desaparecer el INE (es la cantaleta m\u00e1s recurrida como parte de la propaganda) sino la desaparici\u00f3n de financiamiento p\u00fablico a partidos pol\u00edticos y la reducci\u00f3n de diputados y senadores, donde los primeros borrados ser\u00edan los plurinominales\u2026 En realidad, la marcha s\u00f3lo nos deja como se\u00f1al que existe un M\u00e9xico muy polarizado, confrontado, entre los que aman y odian a L\u00f3pez Obrador\u2026 Me quedo con lo que dice el conocido m\u00e9dico Benito Navarrete, quien tambi\u00e9n es agudo para el an\u00e1lisis pol\u00edtico: &#8220;Mientras los impresentables se adue\u00f1en de una causa ciudadana , pretendiendo defenderla, el \u00fanico resultado ser\u00e1 demeritarlas, restarles convocatoria y credibilidad. A 4 a\u00f1os no logran digerirlo, menos entenderlo. Si bien los ciudadanos critican, con todo derecho, porque lo es, lo que va mal, lo menos que quieren es que regresar a lo mismo de siempre&#8221;.<\/p>\n","protected":false},"excerpt":{"rendered":"<p>ColumnaSinNombre@pablojair El finado del C\u00e1rtel del Totonacapan. Notario p\u00fablico, una fichita. Todo el \u00e9xito, paisano. La mentada marcha. \u00bfPara cu\u00e1ndo una marcha contra Verstappenpor ser bien ojete contra el Checo P\u00e9rez?&#8211;Chopenjawer Del martes 15 hasta el jueves 17 se realizar\u00e1 en el ya legendario World Trade Center de Boca del R\u00edo, la Expo Turismo Veracruz [&hellip;]<\/p>\n","protected":false},"author":1,"featured_media":488,"comment_status":"open","ping_status":"open","sticky":false,"template":"","format":"standard","meta":{"_jetpack_memberships_contains_paid_content":false,"footnotes":""},"categories":[11],"tags":[],"class_list":["post-33547","post","type-post","status-publish","format-standard","has-post-thumbnail","hentry","category-opinion"],"jetpack_featured_media_url":"https:\/\/encuentroinformativo.com.mx\/wp-content\/uploads\/2020\/03\/F471F608-BA1A-416B-BA7B-BCFB24F4E6D0.jpeg","jetpack_sharing_enabled":true,"jetpack_likes_enabled":true,"amp_enabled":true,"_links":{"self":[{"href":"https:\/\/encuentroinformativo.com.mx\/index.php?rest_route=\/wp\/v2\/posts\/33547","targetHints":{"allow":["GET"]}}],"collection":[{"href":"https:\/\/encuentroinformativo.com.mx\/index.php?rest_route=\/wp\/v2\/posts"}],"about":[{"href":"https:\/\/encuentroinformativo.com.mx\/index.php?rest_route=\/wp\/v2\/types\/post"}],"author":[{"embeddable":true,"href":"https:\/\/encuentroinformativo.com.mx\/index.php?rest_route=\/wp\/v2\/users\/1"}],"replies":[{"embeddable":true,"href":"https:\/\/encuentroinformativo.com.mx\/index.php?rest_route=%2Fwp%2Fv2%2Fcomments&post=33547"}],"version-history":[{"count":1,"href":"https:\/\/encuentroinformativo.com.mx\/index.php?rest_route=\/wp\/v2\/posts\/33547\/revisions"}],"predecessor-version":[{"id":33548,"href":"https:\/\/encuentroinformativo.com.mx\/index.php?rest_route=\/wp\/v2\/posts\/33547\/revisions\/33548"}],"wp:featuredmedia":[{"embeddable":true,"href":"https:\/\/encuentroinformativo.com.mx\/index.php?rest_route=\/wp\/v2\/media\/488"}],"wp:attachment":[{"href":"https:\/\/encuentroinformativo.com.mx\/index.php?rest_route=%2Fwp%2Fv2%2Fmedia&parent=33547"}],"wp:term":[{"taxonomy":"category","embeddable":true,"href":"https:\/\/encuentroinformativo.com.mx\/index.php?rest_route=%2Fwp%2Fv2%2Fcategories&post=33547"},{"taxonomy":"post_tag","embeddable":true,"href":"https:\/\/encuentroinformativo.com.mx\/index.php?rest_route=%2Fwp%2Fv2%2Ftags&post=33547"}],"curies":[{"name":"wp","href":"https:\/\/api.w.org\/{rel}","templated":true}]}}