{"id":3355,"date":"2020-06-15T12:02:04","date_gmt":"2020-06-15T17:02:04","guid":{"rendered":"https:\/\/encuentroinformativo.com\/?p=3355"},"modified":"2020-06-15T12:02:07","modified_gmt":"2020-06-15T17:02:07","slug":"por-crisis-antorchistas-reclaman-apoyos-alimentarios","status":"publish","type":"post","link":"https:\/\/encuentroinformativo.com.mx\/?p=3355","title":{"rendered":"Por crisis, antorchistas reclaman apoyos alimentarios"},"content":{"rendered":"\n<p><strong>Juan Arcos <\/strong><\/p>\n\n\n\n<p>Xalapa, Ver.- Decenas de integrantes de Antorcha Campesina protestaron frente a Palacio de Gobierno para exigir apoyos alimentarios durante la pandemia del Covid-19.<\/p>\n\n\n\n<p>Lo quejosos tambi\u00e9n solicitaron la aplicaci\u00f3n de programas para empleos temporales.\u00a0<br>De acuerdo con Miguel Basti\u00e1n Sierra, uno de los integrantes de la agrupaci\u00f3n, millones de mexicanos se quedaron sin empleo, tanto en el sector formal como informal, durante la contingencia sanitaria.<\/p>\n\n\n\n<p>\u201cAl d\u00eda de hoy se encuentran sin ingresos para cubrir sus necesidades m\u00e1s elementales, como la alimentaci\u00f3n, el pago de los servicios o el de la renta de sus casas&#8221;.<br>A su juicio, los programas de gobierno han resultado insuficientes para atender a las familias m\u00e1s necesitadas.<\/p>\n\n\n\n<p>En ese sentido, a\u00f1adi\u00f3 que diversos sectores de la poblaci\u00f3n no han podido trabajar por la emergencia sanitaria.<\/p>\n\n\n\n<p>Record\u00f3 que las empleadas dom\u00e9sticas fueron despedidas, a los ambulantes se les impidi\u00f3 vender en la v\u00eda p\u00fablica, a los boleros se les prohibi\u00f3 trabajar, los taxistas ni siquiera juntan su cuenta diaria, los m\u00fasicos y sonideros se quedaron sin tocadas y muchos obreros fueron despedidos.<\/p>\n\n\n\n<p>Basti\u00e1n Sierra indic\u00f3 que tambi\u00e9n es necesario un programa para la emisi\u00f3n de vales, con la finalidad de que las familias afectadas por la pandemia acceden a bienes y servicios.<\/p>\n\n\n\n<p>\u201cAntorchistas y no antorchistas venimos el d\u00eda de hoy a protestar p\u00fablicamente, a decirle que no estamos de acuerdo con su pol\u00edtica. Venimos a exigir se implemente un programa de empleos en todos los municipios de Veracruz, no s\u00f3lo en unos cuantos y mientras esto no pueda lograrse, se ponga en pr\u00e1ctica un programa emisi\u00f3n de vales de gasto para que las personas afectadas puedan acceder el consumo, tal como lo est\u00e1n haciendo los chinos, en donde se est\u00e1n emitiendo cupones digitales que pueden usarse para comprar diversos bienes y servicios\u201d, remat\u00f3.<\/p>\n\n\n\n<p><\/p>\n","protected":false},"excerpt":{"rendered":"<p>Juan Arcos Xalapa, Ver.- Decenas de integrantes de Antorcha Campesina protestaron frente a Palacio de Gobierno para exigir apoyos alimentarios durante la pandemia del Covid-19. Lo quejosos tambi\u00e9n solicitaron la aplicaci\u00f3n de programas para empleos temporales.\u00a0De acuerdo con Miguel Basti\u00e1n Sierra, uno de los integrantes de la agrupaci\u00f3n, millones de mexicanos se quedaron sin empleo, [&hellip;]<\/p>\n","protected":false},"author":1,"featured_media":3356,"comment_status":"open","ping_status":"open","sticky":false,"template":"","format":"standard","meta":{"_jetpack_memberships_contains_paid_content":false,"footnotes":""},"categories":[3],"tags":[],"class_list":["post-3355","post","type-post","status-publish","format-standard","has-post-thumbnail","hentry","category-xalapa"],"jetpack_featured_media_url":"https:\/\/encuentroinformativo.com.mx\/wp-content\/uploads\/2020\/06\/DEADF5F1-7962-41FB-8B19-02334E23A289.jpeg","jetpack_sharing_enabled":true,"jetpack_likes_enabled":true,"amp_enabled":true,"_links":{"self":[{"href":"https:\/\/encuentroinformativo.com.mx\/index.php?rest_route=\/wp\/v2\/posts\/3355","targetHints":{"allow":["GET"]}}],"collection":[{"href":"https:\/\/encuentroinformativo.com.mx\/index.php?rest_route=\/wp\/v2\/posts"}],"about":[{"href":"https:\/\/encuentroinformativo.com.mx\/index.php?rest_route=\/wp\/v2\/types\/post"}],"author":[{"embeddable":true,"href":"https:\/\/encuentroinformativo.com.mx\/index.php?rest_route=\/wp\/v2\/users\/1"}],"replies":[{"embeddable":true,"href":"https:\/\/encuentroinformativo.com.mx\/index.php?rest_route=%2Fwp%2Fv2%2Fcomments&post=3355"}],"version-history":[{"count":1,"href":"https:\/\/encuentroinformativo.com.mx\/index.php?rest_route=\/wp\/v2\/posts\/3355\/revisions"}],"predecessor-version":[{"id":3357,"href":"https:\/\/encuentroinformativo.com.mx\/index.php?rest_route=\/wp\/v2\/posts\/3355\/revisions\/3357"}],"wp:featuredmedia":[{"embeddable":true,"href":"https:\/\/encuentroinformativo.com.mx\/index.php?rest_route=\/wp\/v2\/media\/3356"}],"wp:attachment":[{"href":"https:\/\/encuentroinformativo.com.mx\/index.php?rest_route=%2Fwp%2Fv2%2Fmedia&parent=3355"}],"wp:term":[{"taxonomy":"category","embeddable":true,"href":"https:\/\/encuentroinformativo.com.mx\/index.php?rest_route=%2Fwp%2Fv2%2Fcategories&post=3355"},{"taxonomy":"post_tag","embeddable":true,"href":"https:\/\/encuentroinformativo.com.mx\/index.php?rest_route=%2Fwp%2Fv2%2Ftags&post=3355"}],"curies":[{"name":"wp","href":"https:\/\/api.w.org\/{rel}","templated":true}]}}