{"id":33558,"date":"2022-11-14T11:42:42","date_gmt":"2022-11-14T17:42:42","guid":{"rendered":"https:\/\/encuentroinformativo.com.mx\/?p=33558"},"modified":"2022-11-14T11:42:46","modified_gmt":"2022-11-14T17:42:46","slug":"caos-vial-ocasiono-carambola-en-la-xalapa-coatepec","status":"publish","type":"post","link":"https:\/\/encuentroinformativo.com.mx\/?p=33558","title":{"rendered":"Caos vial, ocasion\u00f3 carambola en la Xalapa-Coatepec"},"content":{"rendered":"\n<p><strong>Juan Arcos<\/strong><\/p>\n\n\n\n<p>Coatepec, Ver.- Una carambola entre cinco veh\u00edculos incomunic\u00f3 a los municipios de Xalapa y Coatepec, durante la ma\u00f1ana de este lunes 14 de noviembre.<\/p>\n\n\n\n<p>Esto ocurri\u00f3 alrededor de las 7:45 horas sobre el bulevar Xalapa-Coatepec, a la altura de la localidad Los Arenales, donde dos personas resultaron lesionadas.<\/p>\n\n\n\n<p>El accidente colaps\u00f3 la vialidad con direcci\u00f3n hacia la capital del estado, ocasionando una fila de veh\u00edculos desde la entrada a Xalapa y hasta la desviaci\u00f3n hacia la comunidad Pacho Viejo.<\/p>\n\n\n\n<p>Algunos conductores retornaron en Los Arenales y Pacho Viejo para utilizar la carretera antigua a Coatepec como v\u00eda alterna.<\/p>\n\n\n\n<p>Sin embargo, en esta v\u00eda de comunicaci\u00f3n tambi\u00e9n se registr\u00f3 un intenso tr\u00e1fico en zonas como Briones y cerca del jard\u00edn bot\u00e1nico \u201cFrancisco Javier Clavijero\u201d.<\/p>\n\n\n\n<p>Los camiones de pasajeros avanzaban a \u201cvuelta de rueda\u201d sobre el bulevar Xalapa-Coatepec, pues el embotellamiento se prolong\u00f3 hasta casi las diez de la ma\u00f1ana.<\/p>\n\n\n\n<p>Los accidentes viales son constantes en esta carretera cuando llueve; sin embargo, en esta ocasi\u00f3n, el percance pudo haberse presentado por una distracci\u00f3n de los conductores.<\/p>\n\n\n\n<p>En redes sociales, las personas criticaron la falta de un operativo de tr\u00e1nsito para agilizar la vialidad en la zona tras el siniestro, pues muchas de ellas no llegaron a tiempo a su empleo.<\/p>\n\n\n\n<figure class=\"wp-block-image size-large\"><img loading=\"lazy\" decoding=\"async\" width=\"1024\" height=\"768\" src=\"https:\/\/encuentroinformativo.com.mx\/wp-content\/uploads\/2022\/11\/3672A6EB-AE3C-484B-8A52-C42249D6B6BE-1024x768.jpeg\" alt=\"\" class=\"wp-image-33560\" srcset=\"https:\/\/encuentroinformativo.com.mx\/wp-content\/uploads\/2022\/11\/3672A6EB-AE3C-484B-8A52-C42249D6B6BE-1024x768.jpeg 1024w, https:\/\/encuentroinformativo.com.mx\/wp-content\/uploads\/2022\/11\/3672A6EB-AE3C-484B-8A52-C42249D6B6BE-300x225.jpeg 300w, https:\/\/encuentroinformativo.com.mx\/wp-content\/uploads\/2022\/11\/3672A6EB-AE3C-484B-8A52-C42249D6B6BE-768x576.jpeg 768w, https:\/\/encuentroinformativo.com.mx\/wp-content\/uploads\/2022\/11\/3672A6EB-AE3C-484B-8A52-C42249D6B6BE-1536x1152.jpeg 1536w, https:\/\/encuentroinformativo.com.mx\/wp-content\/uploads\/2022\/11\/3672A6EB-AE3C-484B-8A52-C42249D6B6BE.jpeg 1600w\" sizes=\"auto, (max-width: 1024px) 100vw, 1024px\" \/><\/figure>\n","protected":false},"excerpt":{"rendered":"<p>Juan Arcos Coatepec, Ver.- Una carambola entre cinco veh\u00edculos incomunic\u00f3 a los municipios de Xalapa y Coatepec, durante la ma\u00f1ana de este lunes 14 de noviembre. Esto ocurri\u00f3 alrededor de las 7:45 horas sobre el bulevar Xalapa-Coatepec, a la altura de la localidad Los Arenales, donde dos personas resultaron lesionadas. El accidente colaps\u00f3 la vialidad [&hellip;]<\/p>\n","protected":false},"author":1,"featured_media":33559,"comment_status":"open","ping_status":"open","sticky":false,"template":"","format":"standard","meta":{"_jetpack_memberships_contains_paid_content":false,"footnotes":""},"categories":[8],"tags":[],"class_list":["post-33558","post","type-post","status-publish","format-standard","has-post-thumbnail","hentry","category-region"],"jetpack_featured_media_url":"https:\/\/encuentroinformativo.com.mx\/wp-content\/uploads\/2022\/11\/4A7907B9-8D22-4DAF-A65B-164FCA858C3C.jpeg","jetpack_sharing_enabled":true,"jetpack_likes_enabled":true,"amp_enabled":true,"_links":{"self":[{"href":"https:\/\/encuentroinformativo.com.mx\/index.php?rest_route=\/wp\/v2\/posts\/33558","targetHints":{"allow":["GET"]}}],"collection":[{"href":"https:\/\/encuentroinformativo.com.mx\/index.php?rest_route=\/wp\/v2\/posts"}],"about":[{"href":"https:\/\/encuentroinformativo.com.mx\/index.php?rest_route=\/wp\/v2\/types\/post"}],"author":[{"embeddable":true,"href":"https:\/\/encuentroinformativo.com.mx\/index.php?rest_route=\/wp\/v2\/users\/1"}],"replies":[{"embeddable":true,"href":"https:\/\/encuentroinformativo.com.mx\/index.php?rest_route=%2Fwp%2Fv2%2Fcomments&post=33558"}],"version-history":[{"count":1,"href":"https:\/\/encuentroinformativo.com.mx\/index.php?rest_route=\/wp\/v2\/posts\/33558\/revisions"}],"predecessor-version":[{"id":33561,"href":"https:\/\/encuentroinformativo.com.mx\/index.php?rest_route=\/wp\/v2\/posts\/33558\/revisions\/33561"}],"wp:featuredmedia":[{"embeddable":true,"href":"https:\/\/encuentroinformativo.com.mx\/index.php?rest_route=\/wp\/v2\/media\/33559"}],"wp:attachment":[{"href":"https:\/\/encuentroinformativo.com.mx\/index.php?rest_route=%2Fwp%2Fv2%2Fmedia&parent=33558"}],"wp:term":[{"taxonomy":"category","embeddable":true,"href":"https:\/\/encuentroinformativo.com.mx\/index.php?rest_route=%2Fwp%2Fv2%2Fcategories&post=33558"},{"taxonomy":"post_tag","embeddable":true,"href":"https:\/\/encuentroinformativo.com.mx\/index.php?rest_route=%2Fwp%2Fv2%2Ftags&post=33558"}],"curies":[{"name":"wp","href":"https:\/\/api.w.org\/{rel}","templated":true}]}}