{"id":33565,"date":"2022-11-14T12:10:20","date_gmt":"2022-11-14T18:10:20","guid":{"rendered":"https:\/\/encuentroinformativo.com.mx\/?p=33565"},"modified":"2022-11-14T12:10:24","modified_gmt":"2022-11-14T18:10:24","slug":"sigue-protesta-en-educacion-de-primarias-esperan-aumento-salarial","status":"publish","type":"post","link":"https:\/\/encuentroinformativo.com.mx\/?p=33565","title":{"rendered":"Sigue protesta en Educaci\u00f3n de Primarias, esperan aumento salarial"},"content":{"rendered":"\n<p><strong>Dar\u00edo Pale <\/strong><\/p>\n\n\n\n<p>Xalapa, Ver.- De nueva cuenta personal docente se manifest\u00f3 en las oficinas de la Direcci\u00f3n General de Educaci\u00f3n Primaria Estatal (DGEPE), por la falta de pago de su incremento salarial del 1, 2, y 3 por ciento que les debi\u00f3 haber llegado desde Mayo.<\/p>\n\n\n\n<p>Entrevistada durante la manifestaci\u00f3n Rosalia G\u00f3mez Mart\u00ednez integrante de la oficina de programas de apoyo psicopedag\u00f3gico, destac\u00f3 que fueron discriminados porque a los federales si se les pag\u00f3 y a ellos es la fecha en la que no les cumplen, y aunque ya existe un calendario por parte del gobierno del estado no tienen la certidumbre de que les cumplan.<\/p>\n\n\n\n<p>\u201cY nosotros estamos adolesciendo de esto. Entonces estamos siendo discriminados. Aunado a esto hemos estado siendo acosados por personas que vienen a tomar fotograf\u00edas desde la ma\u00f1ana, eso significa que estamos sufriendo acoso&#8221;, coment\u00f3.<\/p>\n\n\n\n<p>&#8220;Queremos una respuesta, pero nadie ha venido a acercarse al di\u00e1logo. Estamos sufriendo acoso laboral, al inicio, el d\u00eda jueves cuando tomamos las instalaciones, vino nuestra jefa y nos dijo que liber\u00e1ramos las instalaciones, estuvo preguntando si ten\u00edamos nuestra adscripci\u00f3n&#8221;, agreg\u00f3.<\/p>\n\n\n\n<p>G\u00f3mez Mart\u00ednez sostuvo que hay compromiso por parte de los trabajadores de esa dependencia, hay gente con apenas unos cuantos a\u00f1os de servicio, hasta aquellos con m\u00e1s de 34 a\u00f1os de labor que se queda a trabajar horas extras.<\/p>\n\n\n\n<p>\u201cNosotros estamos comprometidos porque sabemos que todas las acciones que hacemos repercuten en los alumnos\u201d, coment\u00f3.<\/p>\n\n\n\n<p>Rechazo que esta manifestaci\u00f3n sea para no trabajar, por el contrario dijo que est\u00e1n ah\u00ed porque es necesario alzar la voz y por ello lo hacen sin siglas sindicales.<\/p>\n\n\n\n<p>&#8220;Si tenemos finanzas sanas nos queda esa duda: \u00bfpor qu\u00e9 cuando es un monto peque\u00f1o para pagar al sistema estatal no hacen uso de aquellas finanzas que puedan ser usadas?&#8221;, dijo.<\/p>\n\n\n\n<p>Por \u00faltimo dijo que &#8220;Esto da que pensar, porque pareciera que no hay dinero para pagar, entonces agradecemos que haya un calendario, esperamos que se respete, pero los discursos que dan las autoridades distan mucho de que pareciera que quieren aplicar ese calendario&#8221;.\u00a0<\/p>\n\n\n\n<figure class=\"wp-block-image size-large\"><img loading=\"lazy\" decoding=\"async\" width=\"1024\" height=\"683\" src=\"https:\/\/encuentroinformativo.com.mx\/wp-content\/uploads\/2022\/11\/07442805-F9B6-497A-B68B-77D5FBDCF28C-1024x683.jpeg\" alt=\"\" class=\"wp-image-33567\" srcset=\"https:\/\/encuentroinformativo.com.mx\/wp-content\/uploads\/2022\/11\/07442805-F9B6-497A-B68B-77D5FBDCF28C-1024x683.jpeg 1024w, https:\/\/encuentroinformativo.com.mx\/wp-content\/uploads\/2022\/11\/07442805-F9B6-497A-B68B-77D5FBDCF28C-300x200.jpeg 300w, https:\/\/encuentroinformativo.com.mx\/wp-content\/uploads\/2022\/11\/07442805-F9B6-497A-B68B-77D5FBDCF28C-768x512.jpeg 768w, https:\/\/encuentroinformativo.com.mx\/wp-content\/uploads\/2022\/11\/07442805-F9B6-497A-B68B-77D5FBDCF28C.jpeg 1296w\" sizes=\"auto, (max-width: 1024px) 100vw, 1024px\" \/><\/figure>\n","protected":false},"excerpt":{"rendered":"<p>Dar\u00edo Pale Xalapa, Ver.- De nueva cuenta personal docente se manifest\u00f3 en las oficinas de la Direcci\u00f3n General de Educaci\u00f3n Primaria Estatal (DGEPE), por la falta de pago de su incremento salarial del 1, 2, y 3 por ciento que les debi\u00f3 haber llegado desde Mayo. Entrevistada durante la manifestaci\u00f3n Rosalia G\u00f3mez Mart\u00ednez integrante de [&hellip;]<\/p>\n","protected":false},"author":1,"featured_media":33566,"comment_status":"open","ping_status":"open","sticky":false,"template":"","format":"standard","meta":{"_jetpack_memberships_contains_paid_content":false,"footnotes":""},"categories":[3],"tags":[],"class_list":["post-33565","post","type-post","status-publish","format-standard","has-post-thumbnail","hentry","category-xalapa"],"jetpack_featured_media_url":"https:\/\/encuentroinformativo.com.mx\/wp-content\/uploads\/2022\/11\/80A79FE1-DAA4-4067-8E1D-6983CE3FC38F.jpeg","jetpack_sharing_enabled":true,"jetpack_likes_enabled":true,"amp_enabled":true,"_links":{"self":[{"href":"https:\/\/encuentroinformativo.com.mx\/index.php?rest_route=\/wp\/v2\/posts\/33565","targetHints":{"allow":["GET"]}}],"collection":[{"href":"https:\/\/encuentroinformativo.com.mx\/index.php?rest_route=\/wp\/v2\/posts"}],"about":[{"href":"https:\/\/encuentroinformativo.com.mx\/index.php?rest_route=\/wp\/v2\/types\/post"}],"author":[{"embeddable":true,"href":"https:\/\/encuentroinformativo.com.mx\/index.php?rest_route=\/wp\/v2\/users\/1"}],"replies":[{"embeddable":true,"href":"https:\/\/encuentroinformativo.com.mx\/index.php?rest_route=%2Fwp%2Fv2%2Fcomments&post=33565"}],"version-history":[{"count":1,"href":"https:\/\/encuentroinformativo.com.mx\/index.php?rest_route=\/wp\/v2\/posts\/33565\/revisions"}],"predecessor-version":[{"id":33568,"href":"https:\/\/encuentroinformativo.com.mx\/index.php?rest_route=\/wp\/v2\/posts\/33565\/revisions\/33568"}],"wp:featuredmedia":[{"embeddable":true,"href":"https:\/\/encuentroinformativo.com.mx\/index.php?rest_route=\/wp\/v2\/media\/33566"}],"wp:attachment":[{"href":"https:\/\/encuentroinformativo.com.mx\/index.php?rest_route=%2Fwp%2Fv2%2Fmedia&parent=33565"}],"wp:term":[{"taxonomy":"category","embeddable":true,"href":"https:\/\/encuentroinformativo.com.mx\/index.php?rest_route=%2Fwp%2Fv2%2Fcategories&post=33565"},{"taxonomy":"post_tag","embeddable":true,"href":"https:\/\/encuentroinformativo.com.mx\/index.php?rest_route=%2Fwp%2Fv2%2Ftags&post=33565"}],"curies":[{"name":"wp","href":"https:\/\/api.w.org\/{rel}","templated":true}]}}